{"id":2770,"date":"2024-08-22T12:34:17","date_gmt":"2024-08-22T16:34:17","guid":{"rendered":"http:\/\/10.210.0.90\/?p=2770"},"modified":"2024-08-22T12:34:18","modified_gmt":"2024-08-22T16:34:18","slug":"edital-de-divulgacao-e-homologacao-do-resultado-das-avaliacoes-das-provas-de-titulos-e-classificacao-para-a-2o-etapa-e-verificacao-de-condicao-de-pessoa-preta-parda-do-processo-seletivo-simplificado","status":"publish","type":"post","link":"https:\/\/www.cbm.ro.gov.br\/?p=2770","title":{"rendered":"EDITAL DE DIVULGA\u00c7\u00c3O E HOMOLOGA\u00c7\u00c3O DO RESULTADO DAS AVALIA\u00c7\u00d5ES DAS PROVAS DE T\u00cdTULOS E CLASSIFICA\u00c7\u00c3O PARA A 2\u00ba ETAPA E VERIFICA\u00c7\u00c3O DE CONDI\u00c7\u00c3O DE PESSOA PRETA\/PARDA DO PROCESSO SELETIVO SIMPLIFICADO"},"content":{"rendered":"\n<p>O Comandante-Geral do Corpo de Bombeiros Militar do Estado de Rond\u00f4nia torna p\u00fablicaO Comandante-Geral do Corpo de Bombeiros Militar do Estado de Rond\u00f4nia torna p\u00fablicaa Divulga\u00e7\u00e3o e Homologa\u00e7\u00e3o do resultado das Avalia\u00e7\u00f5es das Provas de T\u00edtulos, e Classifica\u00e7\u00e3opara para 2\u00aa Etapa, Entrevista T\u00e9cnica, para o Cargo de Arquitetos, do Processo Seletivo Simples (PSS), eConvoca\u00e7\u00e3o para Procedimento de verifica\u00e7\u00e3o da condi\u00e7\u00e3o declarada para concorrer \u00e0s vagas reservadasaos candidatos pretos\/pardos para o provimento de vagas e a forma\u00e7\u00e3o de Cadastro de Reserva para osCargos de Arquitetos e Analista em Tecnologia da Informa\u00e7\u00e3o e Comunica\u00e7\u00e3o &#8211; (TIC): Analista deDesenvolvimento FULL-STACK, conforme a seguir especificado.<\/p>\n\n\n\n<p>\u00a0 \u00a0 \u00a0 \u00a0 \u00a0 \u00a0 \u00a0 \u00a0 \u00a0 \u00a0 \u00a0 \u00a0 \u00a0 \u00a0 \u00a0 \u00a0 \u00a0 \u00a0 \u00a0 \u00a0 \u00a0 \u00a0 \u00a0 \u00a0 \u00a0 \u00a0 \u00a0 \u00a0 \u00a0 \u00a0 \u00a0 \u00a0 \u00a0 \u00a0 \u00a0 \u00a0 \u00a0 \u00a0 \u00a0 \u00a0 \u00a0 \u00a0 \u00a0 \u00a0 \u00a0 \u00a0 \u00a0 \u00a0 \u00a0 \u00a0 \u00a0 \u00a0 \u00a0 \u00a0 \u00a0 \u00a0 \u00a0 \u00a0 \u00a0\u00a0<\/p>\n\n\n\n<p>                                                        <a href=\"https:\/\/www.cbm.ro.gov.br\/images\/SEI_0051810544_Edital_13.pdf\">CLIQUE AQUI PARA ACESSAR EDITAL<\/a><\/p>\n","protected":false},"excerpt":{"rendered":"<p>O Comandante-Geral do Corpo de Bombeiros Militar do Estado de Rond\u00f4nia torna p\u00fablicaO Comandante-Geral do Corpo de Bombeiros Militar do Estado de Rond\u00f4nia torna p\u00fablicaa Divulga\u00e7\u00e3o e Homologa\u00e7\u00e3o do resultado&hellip;<\/p>\n","protected":false},"author":5,"featured_media":2454,"comment_status":"closed","ping_status":"open","sticky":false,"template":"","format":"standard","meta":{"footnotes":""},"categories":[1],"tags":[],"class_list":["post-2770","post","type-post","status-publish","format-standard","has-post-thumbnail","hentry","category-cbmro"],"yoast_head":"<!-- This site is optimized with the Yoast SEO plugin v23.7 - https:\/\/yoast.com\/wordpress\/plugins\/seo\/ -->\n<title>EDITAL DE DIVULGA\u00c7\u00c3O E HOMOLOGA\u00c7\u00c3O DO RESULTADO DAS AVALIA\u00c7\u00d5ES DAS PROVAS DE T\u00cdTULOS E CLASSIFICA\u00c7\u00c3O PARA A 2\u00ba ETAPA E VERIFICA\u00c7\u00c3O DE CONDI\u00c7\u00c3O DE PESSOA PRETA\/PARDA DO PROCESSO SELETIVO SIMPLIFICADO - Corpo de Bombeiros Militar de Rond\u00f4nia<\/title>\n<meta name=\"robots\" content=\"index, follow, max-snippet:-1, max-image-preview:large, max-video-preview:-1\" \/>\n<link rel=\"canonical\" href=\"https:\/\/www.cbm.ro.gov.br\/?p=2770\" \/>\n<meta property=\"og:locale\" content=\"pt_BR\" \/>\n<meta property=\"og:type\" content=\"article\" \/>\n<meta property=\"og:title\" content=\"EDITAL DE DIVULGA\u00c7\u00c3O E HOMOLOGA\u00c7\u00c3O DO RESULTADO DAS AVALIA\u00c7\u00d5ES DAS PROVAS DE T\u00cdTULOS E CLASSIFICA\u00c7\u00c3O PARA A 2\u00ba ETAPA E VERIFICA\u00c7\u00c3O DE CONDI\u00c7\u00c3O DE PESSOA PRETA\/PARDA DO PROCESSO SELETIVO SIMPLIFICADO - Corpo de Bombeiros Militar de Rond\u00f4nia\" \/>\n<meta property=\"og:description\" content=\"O Comandante-Geral do Corpo de Bombeiros Militar do Estado de Rond\u00f4nia torna p\u00fablicaO Comandante-Geral do Corpo de Bombeiros Militar do Estado de Rond\u00f4nia torna p\u00fablicaa Divulga\u00e7\u00e3o e Homologa\u00e7\u00e3o do resultado&hellip;\" \/>\n<meta property=\"og:url\" content=\"https:\/\/www.cbm.ro.gov.br\/?p=2770\" \/>\n<meta property=\"og:site_name\" content=\"Corpo de Bombeiros Militar de Rond\u00f4nia\" \/>\n<meta property=\"article:publisher\" content=\"https:\/\/www.facebook.com\/cbmro.oficial\/\" \/>\n<meta property=\"article:published_time\" content=\"2024-08-22T16:34:17+00:00\" \/>\n<meta property=\"article:modified_time\" content=\"2024-08-22T16:34:18+00:00\" \/>\n<meta property=\"og:image\" content=\"https:\/\/www.cbm.ro.gov.br\/wp-content\/uploads\/2023\/12\/cropped-cropped-cropped-BRASO_3D_32-1-e1724344443171.png\" \/>\n\t<meta property=\"og:image:width\" content=\"446\" \/>\n\t<meta property=\"og:image:height\" content=\"441\" \/>\n\t<meta property=\"og:image:type\" content=\"image\/png\" \/>\n<meta name=\"author\" content=\"Marcos Barros\" \/>\n<meta name=\"twitter:card\" content=\"summary_large_image\" \/>\n<meta name=\"twitter:label1\" content=\"Escrito por\" \/>\n\t<meta name=\"twitter:data1\" content=\"Marcos Barros\" \/>\n\t<meta name=\"twitter:label2\" content=\"Est. tempo de leitura\" \/>\n\t<meta name=\"twitter:data2\" content=\"1 minuto\" \/>\n<script type=\"application\/ld+json\" class=\"yoast-schema-graph\">{\"@context\":\"https:\/\/schema.org\",\"@graph\":[{\"@type\":\"Article\",\"@id\":\"https:\/\/www.cbm.ro.gov.br\/?p=2770#article\",\"isPartOf\":{\"@id\":\"https:\/\/www.cbm.ro.gov.br\/?p=2770\"},\"author\":{\"name\":\"Marcos Barros\",\"@id\":\"https:\/\/www.cbm.ro.gov.br\/#\/schema\/person\/b035b7e269aef4233e9514c2751917c5\"},\"headline\":\"EDITAL DE DIVULGA\u00c7\u00c3O E HOMOLOGA\u00c7\u00c3O DO RESULTADO DAS AVALIA\u00c7\u00d5ES DAS PROVAS DE T\u00cdTULOS E CLASSIFICA\u00c7\u00c3O PARA A 2\u00ba ETAPA E VERIFICA\u00c7\u00c3O DE CONDI\u00c7\u00c3O DE PESSOA PRETA\/PARDA DO PROCESSO SELETIVO SIMPLIFICADO\",\"datePublished\":\"2024-08-22T16:34:17+00:00\",\"dateModified\":\"2024-08-22T16:34:18+00:00\",\"mainEntityOfPage\":{\"@id\":\"https:\/\/www.cbm.ro.gov.br\/?p=2770\"},\"wordCount\":159,\"publisher\":{\"@id\":\"https:\/\/www.cbm.ro.gov.br\/#organization\"},\"image\":{\"@id\":\"https:\/\/www.cbm.ro.gov.br\/?p=2770#primaryimage\"},\"thumbnailUrl\":\"https:\/\/www.cbm.ro.gov.br\/wp-content\/uploads\/2023\/12\/cropped-cropped-cropped-BRASO_3D_32-1-e1724344443171.png\",\"articleSection\":[\"CBMRO\"],\"inLanguage\":\"pt-BR\"},{\"@type\":\"WebPage\",\"@id\":\"https:\/\/www.cbm.ro.gov.br\/?p=2770\",\"url\":\"https:\/\/www.cbm.ro.gov.br\/?p=2770\",\"name\":\"EDITAL DE DIVULGA\u00c7\u00c3O E HOMOLOGA\u00c7\u00c3O DO RESULTADO DAS AVALIA\u00c7\u00d5ES DAS PROVAS DE T\u00cdTULOS E CLASSIFICA\u00c7\u00c3O PARA A 2\u00ba ETAPA E VERIFICA\u00c7\u00c3O DE CONDI\u00c7\u00c3O DE PESSOA PRETA\/PARDA DO PROCESSO SELETIVO SIMPLIFICADO - Corpo de Bombeiros Militar de Rond\u00f4nia\",\"isPartOf\":{\"@id\":\"https:\/\/www.cbm.ro.gov.br\/#website\"},\"primaryImageOfPage\":{\"@id\":\"https:\/\/www.cbm.ro.gov.br\/?p=2770#primaryimage\"},\"image\":{\"@id\":\"https:\/\/www.cbm.ro.gov.br\/?p=2770#primaryimage\"},\"thumbnailUrl\":\"https:\/\/www.cbm.ro.gov.br\/wp-content\/uploads\/2023\/12\/cropped-cropped-cropped-BRASO_3D_32-1-e1724344443171.png\",\"datePublished\":\"2024-08-22T16:34:17+00:00\",\"dateModified\":\"2024-08-22T16:34:18+00:00\",\"breadcrumb\":{\"@id\":\"https:\/\/www.cbm.ro.gov.br\/?p=2770#breadcrumb\"},\"inLanguage\":\"pt-BR\",\"potentialAction\":[{\"@type\":\"ReadAction\",\"target\":[\"https:\/\/www.cbm.ro.gov.br\/?p=2770\"]}]},{\"@type\":\"ImageObject\",\"inLanguage\":\"pt-BR\",\"@id\":\"https:\/\/www.cbm.ro.gov.br\/?p=2770#primaryimage\",\"url\":\"https:\/\/www.cbm.ro.gov.br\/wp-content\/uploads\/2023\/12\/cropped-cropped-cropped-BRASO_3D_32-1-e1724344443171.png\",\"contentUrl\":\"https:\/\/www.cbm.ro.gov.br\/wp-content\/uploads\/2023\/12\/cropped-cropped-cropped-BRASO_3D_32-1-e1724344443171.png\",\"width\":446,\"height\":441},{\"@type\":\"BreadcrumbList\",\"@id\":\"https:\/\/www.cbm.ro.gov.br\/?p=2770#breadcrumb\",\"itemListElement\":[{\"@type\":\"ListItem\",\"position\":1,\"name\":\"In\u00edcio\",\"item\":\"https:\/\/www.cbm.ro.gov.br\/\"},{\"@type\":\"ListItem\",\"position\":2,\"name\":\"EDITAL DE DIVULGA\u00c7\u00c3O E HOMOLOGA\u00c7\u00c3O DO RESULTADO DAS AVALIA\u00c7\u00d5ES DAS PROVAS DE T\u00cdTULOS E CLASSIFICA\u00c7\u00c3O PARA A 2\u00ba ETAPA E VERIFICA\u00c7\u00c3O DE CONDI\u00c7\u00c3O DE PESSOA PRETA\/PARDA DO PROCESSO SELETIVO SIMPLIFICADO\"}]},{\"@type\":\"WebSite\",\"@id\":\"https:\/\/www.cbm.ro.gov.br\/#website\",\"url\":\"https:\/\/www.cbm.ro.gov.br\/\",\"name\":\"Corpo de Bombeiros Militar de Rond\u00f4nia\",\"description\":\"Vidas alheias, riquezas salvar!\",\"publisher\":{\"@id\":\"https:\/\/www.cbm.ro.gov.br\/#organization\"},\"alternateName\":\"cbmro\",\"potentialAction\":[{\"@type\":\"SearchAction\",\"target\":{\"@type\":\"EntryPoint\",\"urlTemplate\":\"https:\/\/www.cbm.ro.gov.br\/?s={search_term_string}\"},\"query-input\":{\"@type\":\"PropertyValueSpecification\",\"valueRequired\":true,\"valueName\":\"search_term_string\"}}],\"inLanguage\":\"pt-BR\"},{\"@type\":\"Organization\",\"@id\":\"https:\/\/www.cbm.ro.gov.br\/#organization\",\"name\":\"Corpo de Bombeiros Militar do Estado de Rond\u00f4nia\",\"alternateName\":\"CBMRO\",\"url\":\"https:\/\/www.cbm.ro.gov.br\/\",\"logo\":{\"@type\":\"ImageObject\",\"inLanguage\":\"pt-BR\",\"@id\":\"https:\/\/www.cbm.ro.gov.br\/#\/schema\/logo\/image\/\",\"url\":\"https:\/\/www.cbm.ro.gov.br\/wp-content\/uploads\/2023\/12\/cropped-cropped-cropped-BRASO_3D_32-1-e1724344443171.png\",\"contentUrl\":\"https:\/\/www.cbm.ro.gov.br\/wp-content\/uploads\/2023\/12\/cropped-cropped-cropped-BRASO_3D_32-1-e1724344443171.png\",\"width\":446,\"height\":441,\"caption\":\"Corpo de Bombeiros Militar do Estado de Rond\u00f4nia\"},\"image\":{\"@id\":\"https:\/\/www.cbm.ro.gov.br\/#\/schema\/logo\/image\/\"},\"sameAs\":[\"https:\/\/www.facebook.com\/cbmro.oficial\/\",\"https:\/\/www.youtube.com\/c\/CorpodeBombeirosMilitardoEstadodeRond\u00f4nia\"]},{\"@type\":\"Person\",\"@id\":\"https:\/\/www.cbm.ro.gov.br\/#\/schema\/person\/b035b7e269aef4233e9514c2751917c5\",\"name\":\"Marcos Barros\",\"sameAs\":[\"http:\/\/10.210.0.90\/wp-admin\/post.php?post=2688&amp;action=edit\"],\"url\":\"https:\/\/www.cbm.ro.gov.br\/?author=5\"}]}<\/script>\n<!-- \/ Yoast SEO plugin. -->","yoast_head_json":{"title":"EDITAL DE DIVULGA\u00c7\u00c3O E HOMOLOGA\u00c7\u00c3O DO RESULTADO DAS AVALIA\u00c7\u00d5ES DAS PROVAS DE T\u00cdTULOS E CLASSIFICA\u00c7\u00c3O PARA A 2\u00ba ETAPA E VERIFICA\u00c7\u00c3O DE CONDI\u00c7\u00c3O DE PESSOA PRETA\/PARDA DO PROCESSO SELETIVO SIMPLIFICADO - Corpo de Bombeiros Militar de Rond\u00f4nia","robots":{"index":"index","follow":"follow","max-snippet":"max-snippet:-1","max-image-preview":"max-image-preview:large","max-video-preview":"max-video-preview:-1"},"canonical":"https:\/\/www.cbm.ro.gov.br\/?p=2770","og_locale":"pt_BR","og_type":"article","og_title":"EDITAL DE DIVULGA\u00c7\u00c3O E HOMOLOGA\u00c7\u00c3O DO RESULTADO DAS AVALIA\u00c7\u00d5ES DAS PROVAS DE T\u00cdTULOS E CLASSIFICA\u00c7\u00c3O PARA A 2\u00ba ETAPA E VERIFICA\u00c7\u00c3O DE CONDI\u00c7\u00c3O DE PESSOA PRETA\/PARDA DO PROCESSO SELETIVO SIMPLIFICADO - Corpo de Bombeiros Militar de Rond\u00f4nia","og_description":"O Comandante-Geral do Corpo de Bombeiros Militar do Estado de Rond\u00f4nia torna p\u00fablicaO Comandante-Geral do Corpo de Bombeiros Militar do Estado de Rond\u00f4nia torna p\u00fablicaa Divulga\u00e7\u00e3o e Homologa\u00e7\u00e3o do resultado&hellip;","og_url":"https:\/\/www.cbm.ro.gov.br\/?p=2770","og_site_name":"Corpo de Bombeiros Militar de Rond\u00f4nia","article_publisher":"https:\/\/www.facebook.com\/cbmro.oficial\/","article_published_time":"2024-08-22T16:34:17+00:00","article_modified_time":"2024-08-22T16:34:18+00:00","og_image":[{"width":446,"height":441,"url":"https:\/\/www.cbm.ro.gov.br\/wp-content\/uploads\/2023\/12\/cropped-cropped-cropped-BRASO_3D_32-1-e1724344443171.png","type":"image\/png"}],"author":"Marcos Barros","twitter_card":"summary_large_image","twitter_misc":{"Escrito por":"Marcos Barros","Est. tempo de leitura":"1 minuto"},"schema":{"@context":"https:\/\/schema.org","@graph":[{"@type":"Article","@id":"https:\/\/www.cbm.ro.gov.br\/?p=2770#article","isPartOf":{"@id":"https:\/\/www.cbm.ro.gov.br\/?p=2770"},"author":{"name":"Marcos Barros","@id":"https:\/\/www.cbm.ro.gov.br\/#\/schema\/person\/b035b7e269aef4233e9514c2751917c5"},"headline":"EDITAL DE DIVULGA\u00c7\u00c3O E HOMOLOGA\u00c7\u00c3O DO RESULTADO DAS AVALIA\u00c7\u00d5ES DAS PROVAS DE T\u00cdTULOS E CLASSIFICA\u00c7\u00c3O PARA A 2\u00ba ETAPA E VERIFICA\u00c7\u00c3O DE CONDI\u00c7\u00c3O DE PESSOA PRETA\/PARDA DO PROCESSO SELETIVO SIMPLIFICADO","datePublished":"2024-08-22T16:34:17+00:00","dateModified":"2024-08-22T16:34:18+00:00","mainEntityOfPage":{"@id":"https:\/\/www.cbm.ro.gov.br\/?p=2770"},"wordCount":159,"publisher":{"@id":"https:\/\/www.cbm.ro.gov.br\/#organization"},"image":{"@id":"https:\/\/www.cbm.ro.gov.br\/?p=2770#primaryimage"},"thumbnailUrl":"https:\/\/www.cbm.ro.gov.br\/wp-content\/uploads\/2023\/12\/cropped-cropped-cropped-BRASO_3D_32-1-e1724344443171.png","articleSection":["CBMRO"],"inLanguage":"pt-BR"},{"@type":"WebPage","@id":"https:\/\/www.cbm.ro.gov.br\/?p=2770","url":"https:\/\/www.cbm.ro.gov.br\/?p=2770","name":"EDITAL DE DIVULGA\u00c7\u00c3O E HOMOLOGA\u00c7\u00c3O DO RESULTADO DAS AVALIA\u00c7\u00d5ES DAS PROVAS DE T\u00cdTULOS E CLASSIFICA\u00c7\u00c3O PARA A 2\u00ba ETAPA E VERIFICA\u00c7\u00c3O DE CONDI\u00c7\u00c3O DE PESSOA PRETA\/PARDA DO PROCESSO SELETIVO SIMPLIFICADO - Corpo de Bombeiros Militar de Rond\u00f4nia","isPartOf":{"@id":"https:\/\/www.cbm.ro.gov.br\/#website"},"primaryImageOfPage":{"@id":"https:\/\/www.cbm.ro.gov.br\/?p=2770#primaryimage"},"image":{"@id":"https:\/\/www.cbm.ro.gov.br\/?p=2770#primaryimage"},"thumbnailUrl":"https:\/\/www.cbm.ro.gov.br\/wp-content\/uploads\/2023\/12\/cropped-cropped-cropped-BRASO_3D_32-1-e1724344443171.png","datePublished":"2024-08-22T16:34:17+00:00","dateModified":"2024-08-22T16:34:18+00:00","breadcrumb":{"@id":"https:\/\/www.cbm.ro.gov.br\/?p=2770#breadcrumb"},"inLanguage":"pt-BR","potentialAction":[{"@type":"ReadAction","target":["https:\/\/www.cbm.ro.gov.br\/?p=2770"]}]},{"@type":"ImageObject","inLanguage":"pt-BR","@id":"https:\/\/www.cbm.ro.gov.br\/?p=2770#primaryimage","url":"https:\/\/www.cbm.ro.gov.br\/wp-content\/uploads\/2023\/12\/cropped-cropped-cropped-BRASO_3D_32-1-e1724344443171.png","contentUrl":"https:\/\/www.cbm.ro.gov.br\/wp-content\/uploads\/2023\/12\/cropped-cropped-cropped-BRASO_3D_32-1-e1724344443171.png","width":446,"height":441},{"@type":"BreadcrumbList","@id":"https:\/\/www.cbm.ro.gov.br\/?p=2770#breadcrumb","itemListElement":[{"@type":"ListItem","position":1,"name":"In\u00edcio","item":"https:\/\/www.cbm.ro.gov.br\/"},{"@type":"ListItem","position":2,"name":"EDITAL DE DIVULGA\u00c7\u00c3O E HOMOLOGA\u00c7\u00c3O DO RESULTADO DAS AVALIA\u00c7\u00d5ES DAS PROVAS DE T\u00cdTULOS E CLASSIFICA\u00c7\u00c3O PARA A 2\u00ba ETAPA E VERIFICA\u00c7\u00c3O DE CONDI\u00c7\u00c3O DE PESSOA PRETA\/PARDA DO PROCESSO SELETIVO SIMPLIFICADO"}]},{"@type":"WebSite","@id":"https:\/\/www.cbm.ro.gov.br\/#website","url":"https:\/\/www.cbm.ro.gov.br\/","name":"Corpo de Bombeiros Militar de Rond\u00f4nia","description":"Vidas alheias, riquezas salvar!","publisher":{"@id":"https:\/\/www.cbm.ro.gov.br\/#organization"},"alternateName":"cbmro","potentialAction":[{"@type":"SearchAction","target":{"@type":"EntryPoint","urlTemplate":"https:\/\/www.cbm.ro.gov.br\/?s={search_term_string}"},"query-input":{"@type":"PropertyValueSpecification","valueRequired":true,"valueName":"search_term_string"}}],"inLanguage":"pt-BR"},{"@type":"Organization","@id":"https:\/\/www.cbm.ro.gov.br\/#organization","name":"Corpo de Bombeiros Militar do Estado de Rond\u00f4nia","alternateName":"CBMRO","url":"https:\/\/www.cbm.ro.gov.br\/","logo":{"@type":"ImageObject","inLanguage":"pt-BR","@id":"https:\/\/www.cbm.ro.gov.br\/#\/schema\/logo\/image\/","url":"https:\/\/www.cbm.ro.gov.br\/wp-content\/uploads\/2023\/12\/cropped-cropped-cropped-BRASO_3D_32-1-e1724344443171.png","contentUrl":"https:\/\/www.cbm.ro.gov.br\/wp-content\/uploads\/2023\/12\/cropped-cropped-cropped-BRASO_3D_32-1-e1724344443171.png","width":446,"height":441,"caption":"Corpo de Bombeiros Militar do Estado de Rond\u00f4nia"},"image":{"@id":"https:\/\/www.cbm.ro.gov.br\/#\/schema\/logo\/image\/"},"sameAs":["https:\/\/www.facebook.com\/cbmro.oficial\/","https:\/\/www.youtube.com\/c\/CorpodeBombeirosMilitardoEstadodeRond\u00f4nia"]},{"@type":"Person","@id":"https:\/\/www.cbm.ro.gov.br\/#\/schema\/person\/b035b7e269aef4233e9514c2751917c5","name":"Marcos Barros","sameAs":["http:\/\/10.210.0.90\/wp-admin\/post.php?post=2688&amp;action=edit"],"url":"https:\/\/www.cbm.ro.gov.br\/?author=5"}]}},"wpmagazine_modules_lite_featured_media_urls":{"thumbnail":["https:\/\/www.cbm.ro.gov.br\/wp-content\/uploads\/2023\/12\/cropped-cropped-cropped-BRASO_3D_32-1-e1724344443171-150x150.png",150,150,true],"cvmm-medium":["https:\/\/www.cbm.ro.gov.br\/wp-content\/uploads\/2023\/12\/cropped-cropped-cropped-BRASO_3D_32-1-e1724344443171-300x300.png",300,300,true],"cvmm-medium-plus":["https:\/\/www.cbm.ro.gov.br\/wp-content\/uploads\/2023\/12\/cropped-cropped-cropped-BRASO_3D_32-1-e1724344443171-305x207.png",305,207,true],"cvmm-portrait":["https:\/\/www.cbm.ro.gov.br\/wp-content\/uploads\/2023\/12\/cropped-cropped-cropped-BRASO_3D_32-1-e1724344443171-400x441.png",400,441,true],"cvmm-medium-square":["https:\/\/www.cbm.ro.gov.br\/wp-content\/uploads\/2023\/12\/cropped-cropped-cropped-BRASO_3D_32-1-600x600.png",600,600,true],"cvmm-large":["https:\/\/www.cbm.ro.gov.br\/wp-content\/uploads\/2023\/12\/cropped-cropped-cropped-BRASO_3D_32-1-1024x1024.png",1024,1024,true],"cvmm-small":["https:\/\/www.cbm.ro.gov.br\/wp-content\/uploads\/2023\/12\/cropped-cropped-cropped-BRASO_3D_32-1-e1724344443171-130x95.png",130,95,true],"full":["https:\/\/www.cbm.ro.gov.br\/wp-content\/uploads\/2023\/12\/cropped-cropped-cropped-BRASO_3D_32-1-e1724344443171.png",446,441,false]},"categories_names":{"1":{"name":"CBMRO","link":"https:\/\/www.cbm.ro.gov.br\/?cat=1"}},"tags_names":[],"comments_number":"0","_links":{"self":[{"href":"https:\/\/www.cbm.ro.gov.br\/index.php?rest_route=\/wp\/v2\/posts\/2770","targetHints":{"allow":["GET"]}}],"collection":[{"href":"https:\/\/www.cbm.ro.gov.br\/index.php?rest_route=\/wp\/v2\/posts"}],"about":[{"href":"https:\/\/www.cbm.ro.gov.br\/index.php?rest_route=\/wp\/v2\/types\/post"}],"author":[{"embeddable":true,"href":"https:\/\/www.cbm.ro.gov.br\/index.php?rest_route=\/wp\/v2\/users\/5"}],"replies":[{"embeddable":true,"href":"https:\/\/www.cbm.ro.gov.br\/index.php?rest_route=%2Fwp%2Fv2%2Fcomments&post=2770"}],"version-history":[{"count":1,"href":"https:\/\/www.cbm.ro.gov.br\/index.php?rest_route=\/wp\/v2\/posts\/2770\/revisions"}],"predecessor-version":[{"id":2771,"href":"https:\/\/www.cbm.ro.gov.br\/index.php?rest_route=\/wp\/v2\/posts\/2770\/revisions\/2771"}],"wp:featuredmedia":[{"embeddable":true,"href":"https:\/\/www.cbm.ro.gov.br\/index.php?rest_route=\/wp\/v2\/media\/2454"}],"wp:attachment":[{"href":"https:\/\/www.cbm.ro.gov.br\/index.php?rest_route=%2Fwp%2Fv2%2Fmedia&parent=2770"}],"wp:term":[{"taxonomy":"category","embeddable":true,"href":"https:\/\/www.cbm.ro.gov.br\/index.php?rest_route=%2Fwp%2Fv2%2Fcategories&post=2770"},{"taxonomy":"post_tag","embeddable":true,"href":"https:\/\/www.cbm.ro.gov.br\/index.php?rest_route=%2Fwp%2Fv2%2Ftags&post=2770"}],"curies":[{"name":"wp","href":"https:\/\/api.w.org\/{rel}","templated":true}]}}