{"id":2757,"date":"2024-08-22T12:26:19","date_gmt":"2024-08-22T16:26:19","guid":{"rendered":"http:\/\/10.210.0.90\/?p=2757"},"modified":"2024-08-22T12:26:20","modified_gmt":"2024-08-22T16:26:20","slug":"cepdec-ro-participa-de-congresso-de-defesa-civil-em-macapa-com-o-tema-mudancas-climaticas-e-eventos-extremos","status":"publish","type":"post","link":"https:\/\/www.cbm.ro.gov.br\/?p=2757","title":{"rendered":"CEPDEC-RO PARTICIPA DE CONGRESSO DE DEFESA CIVIL EM MACAP\u00c1 COM O TEMA \u201cMUDAN\u00c7AS CLIM\u00c1TICAS E EVENTOS EXTREMOS\u201d."},"content":{"rendered":"\n<p>Nos dias 12 e 23 de agosto, Macap\u00e1 sedia o Congresso de Defesa Civil com o tema \u201cMudan\u00e7as Clim\u00e1ticas e Eventos Extremos\u201d. O evento re\u00fane representantes de 23 estados brasileiros, al\u00e9m do Ministro da Integra\u00e7\u00e3o e Desenvolvimento Regional, Waldez G\u00f3es, do Governador do Amap\u00e1, Cl\u00e9cio Lu\u00eds, e de diversos Comandantes-Gerais e Coordenadores Estaduais de Prote\u00e7\u00e3o e Defesa Civil.<\/p>\n\n\n\n<figure class=\"wp-block-image size-large\"><img fetchpriority=\"high\" decoding=\"async\" width=\"1024\" height=\"869\" src=\"http:\/\/10.210.0.90\/wp-content\/uploads\/2024\/08\/palestra-auditorio-foto2-1-1024x869.jpeg\" alt=\"\" class=\"wp-image-2759\" srcset=\"https:\/\/www.cbm.ro.gov.br\/wp-content\/uploads\/2024\/08\/palestra-auditorio-foto2-1-1024x869.jpeg 1024w, https:\/\/www.cbm.ro.gov.br\/wp-content\/uploads\/2024\/08\/palestra-auditorio-foto2-1-300x255.jpeg 300w, https:\/\/www.cbm.ro.gov.br\/wp-content\/uploads\/2024\/08\/palestra-auditorio-foto2-1-768x652.jpeg 768w, https:\/\/www.cbm.ro.gov.br\/wp-content\/uploads\/2024\/08\/palestra-auditorio-foto2-1-1536x1304.jpeg 1536w, https:\/\/www.cbm.ro.gov.br\/wp-content\/uploads\/2024\/08\/palestra-auditorio-foto2-1-2048x1738.jpeg 2048w\" sizes=\"(max-width: 1024px) 100vw, 1024px\" \/><\/figure>\n\n\n\n<p>O Congresso se destaca como um marco no Sistema de Defesa Civil, oferecendo uma plataforma para a integra\u00e7\u00e3o, troca de conhecimentos e estrat\u00e9gias sobre ocorr\u00eancias relacionadas a eventos clim\u00e1ticos extremos. O objetivo principal \u00e9 promover medidas de mitiga\u00e7\u00e3o, adapta\u00e7\u00e3o \u00e0s mudan\u00e7as clim\u00e1ticas e preparar as for\u00e7as de seguran\u00e7a para respostas eficazes em situa\u00e7\u00f5es de emerg\u00eancia. Este evento \u00e9 um desafio para a sociedade e os estados, refletindo a import\u00e2ncia crescente da Defesa Civil em um cen\u00e1rio de mudan\u00e7as clim\u00e1ticas.<\/p>\n\n\n\n<figure class=\"wp-block-image size-large\"><img decoding=\"async\" width=\"1024\" height=\"683\" src=\"http:\/\/10.210.0.90\/wp-content\/uploads\/2024\/08\/reuniao-1024x683.jpeg\" alt=\"\" class=\"wp-image-2760\" srcset=\"https:\/\/www.cbm.ro.gov.br\/wp-content\/uploads\/2024\/08\/reuniao-1024x683.jpeg 1024w, https:\/\/www.cbm.ro.gov.br\/wp-content\/uploads\/2024\/08\/reuniao-300x200.jpeg 300w, https:\/\/www.cbm.ro.gov.br\/wp-content\/uploads\/2024\/08\/reuniao-768x512.jpeg 768w, https:\/\/www.cbm.ro.gov.br\/wp-content\/uploads\/2024\/08\/reuniao.jpeg 1080w\" sizes=\"(max-width: 1024px) 100vw, 1024px\" \/><\/figure>\n\n\n\n<p>Durante o Congresso, o Conselho Nacional de Gestores Estaduais de Prote\u00e7\u00e3o e Defesa Civil (CONGEPDEC) realizou uma reuni\u00e3o com a presen\u00e7a do Ministro Waldez G\u00f3es. A pauta incluiu a integra\u00e7\u00e3o de recursos financeiros, materiais e humanos, bem como a capta\u00e7\u00e3o e transfer\u00eancia desses recursos para enfrentar eventos clim\u00e1ticos extremos com maior efici\u00eancia.\u00a0Al\u00e9m disso, o Ministro Waldez G\u00f3es anunciou a implementa\u00e7\u00e3o de uma nova sala de situa\u00e7\u00e3o para a regi\u00e3o Norte do Brasil, em resposta \u00e0 escassez h\u00eddrica. Esta nova sala se junta \u00e0s j\u00e1 existentes salas de situa\u00e7\u00e3o no Rio Grande do Sul, focada em inunda\u00e7\u00f5es, e no Pantanal, dedicada aos inc\u00eandios florestais.<\/p>\n\n\n\n<figure class=\"wp-block-image size-large\"><img decoding=\"async\" width=\"1024\" height=\"768\" src=\"http:\/\/10.210.0.90\/wp-content\/uploads\/2024\/08\/foto3-1024x768.jpeg\" alt=\"\" class=\"wp-image-2761\" srcset=\"https:\/\/www.cbm.ro.gov.br\/wp-content\/uploads\/2024\/08\/foto3-1024x768.jpeg 1024w, https:\/\/www.cbm.ro.gov.br\/wp-content\/uploads\/2024\/08\/foto3-300x225.jpeg 300w, https:\/\/www.cbm.ro.gov.br\/wp-content\/uploads\/2024\/08\/foto3-768x576.jpeg 768w, https:\/\/www.cbm.ro.gov.br\/wp-content\/uploads\/2024\/08\/foto3-1536x1152.jpeg 1536w, https:\/\/www.cbm.ro.gov.br\/wp-content\/uploads\/2024\/08\/foto3-2048x1536.jpeg 2048w\" sizes=\"(max-width: 1024px) 100vw, 1024px\" \/><\/figure>\n\n\n\n<p>O Evento contou com a presen\u00e7a do Coordenador Estadual de Prote\u00e7\u00e3o e Defesa Civil de Rond\u00f4nia (CEPDEC-RO) e Comandante Geral do Corpo de Bombeiros Militar de Rond\u00f4nia CEL NIVALDO AZEVEDO FERREIRA.<\/p>\n\n\n\n<p>O Governo do Estado de Rond\u00f4nia entende que o Congresso de Defesa Civil \u00e9 uma oportunidade crucial para fortalecer a colabora\u00e7\u00e3o entre diferentes n\u00edveis de governo e a sociedade civil, aprimorar estrat\u00e9gias de resposta e garantir que o Brasil esteja melhor preparado para enfrentar os desafios impostos pelas mudan\u00e7as clim\u00e1ticas e eventos extremos.<\/p>\n\n\n\n<figure class=\"wp-block-image size-large\"><img loading=\"lazy\" decoding=\"async\" width=\"1024\" height=\"768\" src=\"http:\/\/10.210.0.90\/wp-content\/uploads\/2024\/08\/defesa-civil-costas-1024x768.jpeg\" alt=\"\" class=\"wp-image-2762\" srcset=\"https:\/\/www.cbm.ro.gov.br\/wp-content\/uploads\/2024\/08\/defesa-civil-costas-1024x768.jpeg 1024w, https:\/\/www.cbm.ro.gov.br\/wp-content\/uploads\/2024\/08\/defesa-civil-costas-300x225.jpeg 300w, https:\/\/www.cbm.ro.gov.br\/wp-content\/uploads\/2024\/08\/defesa-civil-costas-768x576.jpeg 768w, https:\/\/www.cbm.ro.gov.br\/wp-content\/uploads\/2024\/08\/defesa-civil-costas-1536x1152.jpeg 1536w, https:\/\/www.cbm.ro.gov.br\/wp-content\/uploads\/2024\/08\/defesa-civil-costas-2048x1536.jpeg 2048w\" sizes=\"(max-width: 1024px) 100vw, 1024px\" \/><\/figure>\n","protected":false},"excerpt":{"rendered":"<p>Nos dias 12 e 23 de agosto, Macap\u00e1 sedia o Congresso de Defesa Civil com o tema \u201cMudan\u00e7as Clim\u00e1ticas e Eventos Extremos\u201d. O evento re\u00fane representantes de 23 estados brasileiros,&hellip;<\/p>\n","protected":false},"author":5,"featured_media":2758,"comment_status":"closed","ping_status":"open","sticky":false,"template":"","format":"standard","meta":{"footnotes":""},"categories":[1],"tags":[13,78,79,77],"class_list":["post-2757","post","type-post","status-publish","format-standard","has-post-thumbnail","hentry","category-cbmro","tag-cbmro","tag-cepdec-ro","tag-congresso","tag-defesacivil"],"yoast_head":"<!-- This site is optimized with the Yoast SEO plugin v23.7 - https:\/\/yoast.com\/wordpress\/plugins\/seo\/ -->\n<title>CEPDEC-RO PARTICIPA DE CONGRESSO DE DEFESA CIVIL EM MACAP\u00c1 COM O TEMA \u201cMUDAN\u00c7AS CLIM\u00c1TICAS E EVENTOS EXTREMOS\u201d. - Corpo de Bombeiros Militar de Rond\u00f4nia<\/title>\n<meta name=\"robots\" content=\"index, follow, max-snippet:-1, max-image-preview:large, max-video-preview:-1\" \/>\n<link rel=\"canonical\" href=\"https:\/\/www.cbm.ro.gov.br\/?p=2757\" \/>\n<meta property=\"og:locale\" content=\"pt_BR\" \/>\n<meta property=\"og:type\" content=\"article\" \/>\n<meta property=\"og:title\" content=\"CEPDEC-RO PARTICIPA DE CONGRESSO DE DEFESA CIVIL EM MACAP\u00c1 COM O TEMA \u201cMUDAN\u00c7AS CLIM\u00c1TICAS E EVENTOS EXTREMOS\u201d. - Corpo de Bombeiros Militar de Rond\u00f4nia\" \/>\n<meta property=\"og:description\" content=\"Nos dias 12 e 23 de agosto, Macap\u00e1 sedia o Congresso de Defesa Civil com o tema \u201cMudan\u00e7as Clim\u00e1ticas e Eventos Extremos\u201d. O evento re\u00fane representantes de 23 estados brasileiros,&hellip;\" \/>\n<meta property=\"og:url\" content=\"https:\/\/www.cbm.ro.gov.br\/?p=2757\" \/>\n<meta property=\"og:site_name\" content=\"Corpo de Bombeiros Militar de Rond\u00f4nia\" \/>\n<meta property=\"article:publisher\" content=\"https:\/\/www.facebook.com\/cbmro.oficial\/\" \/>\n<meta property=\"article:published_time\" content=\"2024-08-22T16:26:19+00:00\" \/>\n<meta property=\"article:modified_time\" content=\"2024-08-22T16:26:20+00:00\" \/>\n<meta property=\"og:image\" content=\"https:\/\/www.cbm.ro.gov.br\/wp-content\/uploads\/2024\/08\/capa-da-materia-1-scaled.jpeg\" \/>\n\t<meta property=\"og:image:width\" content=\"2560\" \/>\n\t<meta property=\"og:image:height\" content=\"1854\" \/>\n\t<meta property=\"og:image:type\" content=\"image\/jpeg\" \/>\n<meta name=\"author\" content=\"Marcos Barros\" \/>\n<meta name=\"twitter:card\" content=\"summary_large_image\" \/>\n<meta name=\"twitter:label1\" content=\"Escrito por\" \/>\n\t<meta name=\"twitter:data1\" content=\"Marcos Barros\" \/>\n\t<meta name=\"twitter:label2\" content=\"Est. tempo de leitura\" \/>\n\t<meta name=\"twitter:data2\" content=\"2 minutos\" \/>\n<script type=\"application\/ld+json\" class=\"yoast-schema-graph\">{\"@context\":\"https:\/\/schema.org\",\"@graph\":[{\"@type\":\"Article\",\"@id\":\"https:\/\/www.cbm.ro.gov.br\/?p=2757#article\",\"isPartOf\":{\"@id\":\"https:\/\/www.cbm.ro.gov.br\/?p=2757\"},\"author\":{\"name\":\"Marcos Barros\",\"@id\":\"https:\/\/www.cbm.ro.gov.br\/#\/schema\/person\/b035b7e269aef4233e9514c2751917c5\"},\"headline\":\"CEPDEC-RO PARTICIPA DE CONGRESSO DE DEFESA CIVIL EM MACAP\u00c1 COM O TEMA \u201cMUDAN\u00c7AS CLIM\u00c1TICAS E EVENTOS EXTREMOS\u201d.\",\"datePublished\":\"2024-08-22T16:26:19+00:00\",\"dateModified\":\"2024-08-22T16:26:20+00:00\",\"mainEntityOfPage\":{\"@id\":\"https:\/\/www.cbm.ro.gov.br\/?p=2757\"},\"wordCount\":390,\"publisher\":{\"@id\":\"https:\/\/www.cbm.ro.gov.br\/#organization\"},\"image\":{\"@id\":\"https:\/\/www.cbm.ro.gov.br\/?p=2757#primaryimage\"},\"thumbnailUrl\":\"https:\/\/www.cbm.ro.gov.br\/wp-content\/uploads\/2024\/08\/capa-da-materia-1-scaled.jpeg\",\"keywords\":[\"CBMRO\",\"CEPDEC-RO\",\"CONGRESSO\",\"DEFESACIVIL\"],\"articleSection\":[\"CBMRO\"],\"inLanguage\":\"pt-BR\"},{\"@type\":\"WebPage\",\"@id\":\"https:\/\/www.cbm.ro.gov.br\/?p=2757\",\"url\":\"https:\/\/www.cbm.ro.gov.br\/?p=2757\",\"name\":\"CEPDEC-RO PARTICIPA DE CONGRESSO DE DEFESA CIVIL EM MACAP\u00c1 COM O TEMA \u201cMUDAN\u00c7AS CLIM\u00c1TICAS E EVENTOS EXTREMOS\u201d. - Corpo de Bombeiros Militar de Rond\u00f4nia\",\"isPartOf\":{\"@id\":\"https:\/\/www.cbm.ro.gov.br\/#website\"},\"primaryImageOfPage\":{\"@id\":\"https:\/\/www.cbm.ro.gov.br\/?p=2757#primaryimage\"},\"image\":{\"@id\":\"https:\/\/www.cbm.ro.gov.br\/?p=2757#primaryimage\"},\"thumbnailUrl\":\"https:\/\/www.cbm.ro.gov.br\/wp-content\/uploads\/2024\/08\/capa-da-materia-1-scaled.jpeg\",\"datePublished\":\"2024-08-22T16:26:19+00:00\",\"dateModified\":\"2024-08-22T16:26:20+00:00\",\"breadcrumb\":{\"@id\":\"https:\/\/www.cbm.ro.gov.br\/?p=2757#breadcrumb\"},\"inLanguage\":\"pt-BR\",\"potentialAction\":[{\"@type\":\"ReadAction\",\"target\":[\"https:\/\/www.cbm.ro.gov.br\/?p=2757\"]}]},{\"@type\":\"ImageObject\",\"inLanguage\":\"pt-BR\",\"@id\":\"https:\/\/www.cbm.ro.gov.br\/?p=2757#primaryimage\",\"url\":\"https:\/\/www.cbm.ro.gov.br\/wp-content\/uploads\/2024\/08\/capa-da-materia-1-scaled.jpeg\",\"contentUrl\":\"https:\/\/www.cbm.ro.gov.br\/wp-content\/uploads\/2024\/08\/capa-da-materia-1-scaled.jpeg\",\"width\":2560,\"height\":1854},{\"@type\":\"BreadcrumbList\",\"@id\":\"https:\/\/www.cbm.ro.gov.br\/?p=2757#breadcrumb\",\"itemListElement\":[{\"@type\":\"ListItem\",\"position\":1,\"name\":\"In\u00edcio\",\"item\":\"https:\/\/www.cbm.ro.gov.br\/\"},{\"@type\":\"ListItem\",\"position\":2,\"name\":\"CEPDEC-RO PARTICIPA DE CONGRESSO DE DEFESA CIVIL EM MACAP\u00c1 COM O TEMA \u201cMUDAN\u00c7AS CLIM\u00c1TICAS E EVENTOS EXTREMOS\u201d.\"}]},{\"@type\":\"WebSite\",\"@id\":\"https:\/\/www.cbm.ro.gov.br\/#website\",\"url\":\"https:\/\/www.cbm.ro.gov.br\/\",\"name\":\"Corpo de Bombeiros Militar de Rond\u00f4nia\",\"description\":\"Vidas alheias, riquezas salvar!\",\"publisher\":{\"@id\":\"https:\/\/www.cbm.ro.gov.br\/#organization\"},\"alternateName\":\"cbmro\",\"potentialAction\":[{\"@type\":\"SearchAction\",\"target\":{\"@type\":\"EntryPoint\",\"urlTemplate\":\"https:\/\/www.cbm.ro.gov.br\/?s={search_term_string}\"},\"query-input\":{\"@type\":\"PropertyValueSpecification\",\"valueRequired\":true,\"valueName\":\"search_term_string\"}}],\"inLanguage\":\"pt-BR\"},{\"@type\":\"Organization\",\"@id\":\"https:\/\/www.cbm.ro.gov.br\/#organization\",\"name\":\"Corpo de Bombeiros Militar do Estado de Rond\u00f4nia\",\"alternateName\":\"CBMRO\",\"url\":\"https:\/\/www.cbm.ro.gov.br\/\",\"logo\":{\"@type\":\"ImageObject\",\"inLanguage\":\"pt-BR\",\"@id\":\"https:\/\/www.cbm.ro.gov.br\/#\/schema\/logo\/image\/\",\"url\":\"https:\/\/www.cbm.ro.gov.br\/wp-content\/uploads\/2023\/12\/cropped-cropped-cropped-BRASO_3D_32-1-e1724344443171.png\",\"contentUrl\":\"https:\/\/www.cbm.ro.gov.br\/wp-content\/uploads\/2023\/12\/cropped-cropped-cropped-BRASO_3D_32-1-e1724344443171.png\",\"width\":446,\"height\":441,\"caption\":\"Corpo de Bombeiros Militar do Estado de Rond\u00f4nia\"},\"image\":{\"@id\":\"https:\/\/www.cbm.ro.gov.br\/#\/schema\/logo\/image\/\"},\"sameAs\":[\"https:\/\/www.facebook.com\/cbmro.oficial\/\",\"https:\/\/www.youtube.com\/c\/CorpodeBombeirosMilitardoEstadodeRond\u00f4nia\"]},{\"@type\":\"Person\",\"@id\":\"https:\/\/www.cbm.ro.gov.br\/#\/schema\/person\/b035b7e269aef4233e9514c2751917c5\",\"name\":\"Marcos Barros\",\"sameAs\":[\"http:\/\/10.210.0.90\/wp-admin\/post.php?post=2688&amp;action=edit\"],\"url\":\"https:\/\/www.cbm.ro.gov.br\/?author=5\"}]}<\/script>\n<!-- \/ Yoast SEO plugin. -->","yoast_head_json":{"title":"CEPDEC-RO PARTICIPA DE CONGRESSO DE DEFESA CIVIL EM MACAP\u00c1 COM O TEMA \u201cMUDAN\u00c7AS CLIM\u00c1TICAS E EVENTOS EXTREMOS\u201d. - Corpo de Bombeiros Militar de Rond\u00f4nia","robots":{"index":"index","follow":"follow","max-snippet":"max-snippet:-1","max-image-preview":"max-image-preview:large","max-video-preview":"max-video-preview:-1"},"canonical":"https:\/\/www.cbm.ro.gov.br\/?p=2757","og_locale":"pt_BR","og_type":"article","og_title":"CEPDEC-RO PARTICIPA DE CONGRESSO DE DEFESA CIVIL EM MACAP\u00c1 COM O TEMA \u201cMUDAN\u00c7AS CLIM\u00c1TICAS E EVENTOS EXTREMOS\u201d. - Corpo de Bombeiros Militar de Rond\u00f4nia","og_description":"Nos dias 12 e 23 de agosto, Macap\u00e1 sedia o Congresso de Defesa Civil com o tema \u201cMudan\u00e7as Clim\u00e1ticas e Eventos Extremos\u201d. O evento re\u00fane representantes de 23 estados brasileiros,&hellip;","og_url":"https:\/\/www.cbm.ro.gov.br\/?p=2757","og_site_name":"Corpo de Bombeiros Militar de Rond\u00f4nia","article_publisher":"https:\/\/www.facebook.com\/cbmro.oficial\/","article_published_time":"2024-08-22T16:26:19+00:00","article_modified_time":"2024-08-22T16:26:20+00:00","og_image":[{"width":2560,"height":1854,"url":"https:\/\/www.cbm.ro.gov.br\/wp-content\/uploads\/2024\/08\/capa-da-materia-1-scaled.jpeg","type":"image\/jpeg"}],"author":"Marcos Barros","twitter_card":"summary_large_image","twitter_misc":{"Escrito por":"Marcos Barros","Est. tempo de leitura":"2 minutos"},"schema":{"@context":"https:\/\/schema.org","@graph":[{"@type":"Article","@id":"https:\/\/www.cbm.ro.gov.br\/?p=2757#article","isPartOf":{"@id":"https:\/\/www.cbm.ro.gov.br\/?p=2757"},"author":{"name":"Marcos Barros","@id":"https:\/\/www.cbm.ro.gov.br\/#\/schema\/person\/b035b7e269aef4233e9514c2751917c5"},"headline":"CEPDEC-RO PARTICIPA DE CONGRESSO DE DEFESA CIVIL EM MACAP\u00c1 COM O TEMA \u201cMUDAN\u00c7AS CLIM\u00c1TICAS E EVENTOS EXTREMOS\u201d.","datePublished":"2024-08-22T16:26:19+00:00","dateModified":"2024-08-22T16:26:20+00:00","mainEntityOfPage":{"@id":"https:\/\/www.cbm.ro.gov.br\/?p=2757"},"wordCount":390,"publisher":{"@id":"https:\/\/www.cbm.ro.gov.br\/#organization"},"image":{"@id":"https:\/\/www.cbm.ro.gov.br\/?p=2757#primaryimage"},"thumbnailUrl":"https:\/\/www.cbm.ro.gov.br\/wp-content\/uploads\/2024\/08\/capa-da-materia-1-scaled.jpeg","keywords":["CBMRO","CEPDEC-RO","CONGRESSO","DEFESACIVIL"],"articleSection":["CBMRO"],"inLanguage":"pt-BR"},{"@type":"WebPage","@id":"https:\/\/www.cbm.ro.gov.br\/?p=2757","url":"https:\/\/www.cbm.ro.gov.br\/?p=2757","name":"CEPDEC-RO PARTICIPA DE CONGRESSO DE DEFESA CIVIL EM MACAP\u00c1 COM O TEMA \u201cMUDAN\u00c7AS CLIM\u00c1TICAS E EVENTOS EXTREMOS\u201d. - Corpo de Bombeiros Militar de Rond\u00f4nia","isPartOf":{"@id":"https:\/\/www.cbm.ro.gov.br\/#website"},"primaryImageOfPage":{"@id":"https:\/\/www.cbm.ro.gov.br\/?p=2757#primaryimage"},"image":{"@id":"https:\/\/www.cbm.ro.gov.br\/?p=2757#primaryimage"},"thumbnailUrl":"https:\/\/www.cbm.ro.gov.br\/wp-content\/uploads\/2024\/08\/capa-da-materia-1-scaled.jpeg","datePublished":"2024-08-22T16:26:19+00:00","dateModified":"2024-08-22T16:26:20+00:00","breadcrumb":{"@id":"https:\/\/www.cbm.ro.gov.br\/?p=2757#breadcrumb"},"inLanguage":"pt-BR","potentialAction":[{"@type":"ReadAction","target":["https:\/\/www.cbm.ro.gov.br\/?p=2757"]}]},{"@type":"ImageObject","inLanguage":"pt-BR","@id":"https:\/\/www.cbm.ro.gov.br\/?p=2757#primaryimage","url":"https:\/\/www.cbm.ro.gov.br\/wp-content\/uploads\/2024\/08\/capa-da-materia-1-scaled.jpeg","contentUrl":"https:\/\/www.cbm.ro.gov.br\/wp-content\/uploads\/2024\/08\/capa-da-materia-1-scaled.jpeg","width":2560,"height":1854},{"@type":"BreadcrumbList","@id":"https:\/\/www.cbm.ro.gov.br\/?p=2757#breadcrumb","itemListElement":[{"@type":"ListItem","position":1,"name":"In\u00edcio","item":"https:\/\/www.cbm.ro.gov.br\/"},{"@type":"ListItem","position":2,"name":"CEPDEC-RO PARTICIPA DE CONGRESSO DE DEFESA CIVIL EM MACAP\u00c1 COM O TEMA \u201cMUDAN\u00c7AS CLIM\u00c1TICAS E EVENTOS EXTREMOS\u201d."}]},{"@type":"WebSite","@id":"https:\/\/www.cbm.ro.gov.br\/#website","url":"https:\/\/www.cbm.ro.gov.br\/","name":"Corpo de Bombeiros Militar de Rond\u00f4nia","description":"Vidas alheias, riquezas salvar!","publisher":{"@id":"https:\/\/www.cbm.ro.gov.br\/#organization"},"alternateName":"cbmro","potentialAction":[{"@type":"SearchAction","target":{"@type":"EntryPoint","urlTemplate":"https:\/\/www.cbm.ro.gov.br\/?s={search_term_string}"},"query-input":{"@type":"PropertyValueSpecification","valueRequired":true,"valueName":"search_term_string"}}],"inLanguage":"pt-BR"},{"@type":"Organization","@id":"https:\/\/www.cbm.ro.gov.br\/#organization","name":"Corpo de Bombeiros Militar do Estado de Rond\u00f4nia","alternateName":"CBMRO","url":"https:\/\/www.cbm.ro.gov.br\/","logo":{"@type":"ImageObject","inLanguage":"pt-BR","@id":"https:\/\/www.cbm.ro.gov.br\/#\/schema\/logo\/image\/","url":"https:\/\/www.cbm.ro.gov.br\/wp-content\/uploads\/2023\/12\/cropped-cropped-cropped-BRASO_3D_32-1-e1724344443171.png","contentUrl":"https:\/\/www.cbm.ro.gov.br\/wp-content\/uploads\/2023\/12\/cropped-cropped-cropped-BRASO_3D_32-1-e1724344443171.png","width":446,"height":441,"caption":"Corpo de Bombeiros Militar do Estado de Rond\u00f4nia"},"image":{"@id":"https:\/\/www.cbm.ro.gov.br\/#\/schema\/logo\/image\/"},"sameAs":["https:\/\/www.facebook.com\/cbmro.oficial\/","https:\/\/www.youtube.com\/c\/CorpodeBombeirosMilitardoEstadodeRond\u00f4nia"]},{"@type":"Person","@id":"https:\/\/www.cbm.ro.gov.br\/#\/schema\/person\/b035b7e269aef4233e9514c2751917c5","name":"Marcos Barros","sameAs":["http:\/\/10.210.0.90\/wp-admin\/post.php?post=2688&amp;action=edit"],"url":"https:\/\/www.cbm.ro.gov.br\/?author=5"}]}},"wpmagazine_modules_lite_featured_media_urls":{"thumbnail":["https:\/\/www.cbm.ro.gov.br\/wp-content\/uploads\/2024\/08\/capa-da-materia-1-150x150.jpeg",150,150,true],"cvmm-medium":["https:\/\/www.cbm.ro.gov.br\/wp-content\/uploads\/2024\/08\/capa-da-materia-1-300x300.jpeg",300,300,true],"cvmm-medium-plus":["https:\/\/www.cbm.ro.gov.br\/wp-content\/uploads\/2024\/08\/capa-da-materia-1-305x207.jpeg",305,207,true],"cvmm-portrait":["https:\/\/www.cbm.ro.gov.br\/wp-content\/uploads\/2024\/08\/capa-da-materia-1-400x600.jpeg",400,600,true],"cvmm-medium-square":["https:\/\/www.cbm.ro.gov.br\/wp-content\/uploads\/2024\/08\/capa-da-materia-1-600x600.jpeg",600,600,true],"cvmm-large":["https:\/\/www.cbm.ro.gov.br\/wp-content\/uploads\/2024\/08\/capa-da-materia-1-1024x1024.jpeg",1024,1024,true],"cvmm-small":["https:\/\/www.cbm.ro.gov.br\/wp-content\/uploads\/2024\/08\/capa-da-materia-1-130x95.jpeg",130,95,true],"full":["https:\/\/www.cbm.ro.gov.br\/wp-content\/uploads\/2024\/08\/capa-da-materia-1-scaled.jpeg",2560,1854,false]},"categories_names":{"1":{"name":"CBMRO","link":"https:\/\/www.cbm.ro.gov.br\/?cat=1"}},"tags_names":{"13":{"name":"CBMRO","link":"https:\/\/www.cbm.ro.gov.br\/?tag=cbmro"},"78":{"name":"CEPDEC-RO","link":"https:\/\/www.cbm.ro.gov.br\/?tag=cepdec-ro"},"79":{"name":"CONGRESSO","link":"https:\/\/www.cbm.ro.gov.br\/?tag=congresso"},"77":{"name":"DEFESACIVIL","link":"https:\/\/www.cbm.ro.gov.br\/?tag=defesacivil"}},"comments_number":"0","_links":{"self":[{"href":"https:\/\/www.cbm.ro.gov.br\/index.php?rest_route=\/wp\/v2\/posts\/2757","targetHints":{"allow":["GET"]}}],"collection":[{"href":"https:\/\/www.cbm.ro.gov.br\/index.php?rest_route=\/wp\/v2\/posts"}],"about":[{"href":"https:\/\/www.cbm.ro.gov.br\/index.php?rest_route=\/wp\/v2\/types\/post"}],"author":[{"embeddable":true,"href":"https:\/\/www.cbm.ro.gov.br\/index.php?rest_route=\/wp\/v2\/users\/5"}],"replies":[{"embeddable":true,"href":"https:\/\/www.cbm.ro.gov.br\/index.php?rest_route=%2Fwp%2Fv2%2Fcomments&post=2757"}],"version-history":[{"count":1,"href":"https:\/\/www.cbm.ro.gov.br\/index.php?rest_route=\/wp\/v2\/posts\/2757\/revisions"}],"predecessor-version":[{"id":2763,"href":"https:\/\/www.cbm.ro.gov.br\/index.php?rest_route=\/wp\/v2\/posts\/2757\/revisions\/2763"}],"wp:featuredmedia":[{"embeddable":true,"href":"https:\/\/www.cbm.ro.gov.br\/index.php?rest_route=\/wp\/v2\/media\/2758"}],"wp:attachment":[{"href":"https:\/\/www.cbm.ro.gov.br\/index.php?rest_route=%2Fwp%2Fv2%2Fmedia&parent=2757"}],"wp:term":[{"taxonomy":"category","embeddable":true,"href":"https:\/\/www.cbm.ro.gov.br\/index.php?rest_route=%2Fwp%2Fv2%2Fcategories&post=2757"},{"taxonomy":"post_tag","embeddable":true,"href":"https:\/\/www.cbm.ro.gov.br\/index.php?rest_route=%2Fwp%2Fv2%2Ftags&post=2757"}],"curies":[{"name":"wp","href":"https:\/\/api.w.org\/{rel}","templated":true}]}}