{"id":2749,"date":"2024-08-22T12:21:14","date_gmt":"2024-08-22T16:21:14","guid":{"rendered":"http:\/\/10.210.0.90\/?p=2749"},"modified":"2024-08-22T12:21:15","modified_gmt":"2024-08-22T16:21:15","slug":"visita-de-orientacao-tecnica-fortalece-lacos-entre-o-exercito-brasileiro-e-o-corpo-de-bombeiros-militar-de-rondonia","status":"publish","type":"post","link":"https:\/\/www.cbm.ro.gov.br\/?p=2749","title":{"rendered":"VISITA DE ORIENTA\u00c7\u00c3O T\u00c9CNICA FORTALECE LA\u00c7OS ENTRE O EX\u00c9RCITO BRASILEIRO E O CORPO DE BOMBEIROS MILITAR DE ROND\u00d4NIA"},"content":{"rendered":"\n<p>Em mais um passo para o fortalecimento das rela\u00e7\u00f5es institucionais, o Corpo de Bombeiros Militar de Rond\u00f4nia (CBMRO) recebeu, na \u00faltima quinta-feira 08\/08\/2024 , uma visita de orienta\u00e7\u00e3o t\u00e9cnica conduzida pelo General de Brigada Di\u00f3genes de Souza Gomes. Acompanhado pelo representante do Inspetor Geral da Pol\u00edcia Militar e do Corpo de Bombeiros Militar (IGPM) no Comando Militar da Amaz\u00f4nia (CMA), o General foi recebido pelo Comandante Geral do CBMRO, Coronel BM Nivaldo de Azevedo Ferreira.<\/p>\n\n\n\n<figure class=\"wp-block-image size-large\"><img fetchpriority=\"high\" decoding=\"async\" width=\"1024\" height=\"636\" src=\"http:\/\/10.210.0.90\/wp-content\/uploads\/2024\/08\/palestra_cel_nivaldo_e_general_-1024x636.jpg\" alt=\"\" class=\"wp-image-2751\" srcset=\"https:\/\/www.cbm.ro.gov.br\/wp-content\/uploads\/2024\/08\/palestra_cel_nivaldo_e_general_-1024x636.jpg 1024w, https:\/\/www.cbm.ro.gov.br\/wp-content\/uploads\/2024\/08\/palestra_cel_nivaldo_e_general_-300x186.jpg 300w, https:\/\/www.cbm.ro.gov.br\/wp-content\/uploads\/2024\/08\/palestra_cel_nivaldo_e_general_-768x477.jpg 768w, https:\/\/www.cbm.ro.gov.br\/wp-content\/uploads\/2024\/08\/palestra_cel_nivaldo_e_general_-1536x954.jpg 1536w, https:\/\/www.cbm.ro.gov.br\/wp-content\/uploads\/2024\/08\/palestra_cel_nivaldo_e_general_-2048x1272.jpg 2048w\" sizes=\"(max-width: 1024px) 100vw, 1024px\" \/><\/figure>\n\n\n\n<p>Durante a visita, o General Di\u00f3genes e sua comitiva foram guiados por uma s\u00e9rie de apresenta\u00e7\u00f5es e demonstra\u00e7\u00f5es das atividades log\u00edsticas e operacionais da corpora\u00e7\u00e3o. A programa\u00e7\u00e3o incluiu uma visita \u00e0s instala\u00e7\u00f5es do Comando Geral e uma vis\u00e3o detalhada das atividades desempenhadas pelo 1\u00ba Grupamento de Bombeiros Militar (1\u00baGBM).<\/p>\n\n\n\n<figure class=\"wp-block-image size-large\"><img decoding=\"async\" width=\"1024\" height=\"683\" src=\"http:\/\/10.210.0.90\/wp-content\/uploads\/2024\/08\/redimensionada-1024x683.jpg\" alt=\"\" class=\"wp-image-2752\" srcset=\"https:\/\/www.cbm.ro.gov.br\/wp-content\/uploads\/2024\/08\/redimensionada-1024x683.jpg 1024w, https:\/\/www.cbm.ro.gov.br\/wp-content\/uploads\/2024\/08\/redimensionada-300x200.jpg 300w, https:\/\/www.cbm.ro.gov.br\/wp-content\/uploads\/2024\/08\/redimensionada-768x512.jpg 768w, https:\/\/www.cbm.ro.gov.br\/wp-content\/uploads\/2024\/08\/redimensionada.jpg 1080w\" sizes=\"(max-width: 1024px) 100vw, 1024px\" \/><\/figure>\n\n\n\n<p>Os visitantes tiveram a oportunidade de observar de perto as opera\u00e7\u00f5es realizadas com o caminh\u00e3o autoescada, uma das ferramentas cruciais para resgates em altura. Al\u00e9m disso, foram demonstradas as t\u00e9cnicas de busca e salvamento utilizando c\u00e3es farejadores, uma pr\u00e1tica que ilustra a import\u00e2ncia da integra\u00e7\u00e3o entre tecnologias e m\u00e9todos tradicionais no trabalho de salvamento.<\/p>\n\n\n\n<figure class=\"wp-block-image size-large\"><img decoding=\"async\" width=\"1024\" height=\"574\" src=\"http:\/\/10.210.0.90\/wp-content\/uploads\/2024\/08\/sgt_a_campos_e_dog-1024x574.jpg\" alt=\"\" class=\"wp-image-2753\" srcset=\"https:\/\/www.cbm.ro.gov.br\/wp-content\/uploads\/2024\/08\/sgt_a_campos_e_dog-1024x574.jpg 1024w, https:\/\/www.cbm.ro.gov.br\/wp-content\/uploads\/2024\/08\/sgt_a_campos_e_dog-300x168.jpg 300w, https:\/\/www.cbm.ro.gov.br\/wp-content\/uploads\/2024\/08\/sgt_a_campos_e_dog-768x431.jpg 768w, https:\/\/www.cbm.ro.gov.br\/wp-content\/uploads\/2024\/08\/sgt_a_campos_e_dog-1536x861.jpg 1536w, https:\/\/www.cbm.ro.gov.br\/wp-content\/uploads\/2024\/08\/sgt_a_campos_e_dog-2048x1148.jpg 2048w\" sizes=\"(max-width: 1024px) 100vw, 1024px\" \/><\/figure>\n\n\n\n<p>O encontro evidenciou o comprometimento do CBMRO com a excel\u00eancia e a inova\u00e7\u00e3o em suas opera\u00e7\u00f5es e destacou a import\u00e2ncia da colabora\u00e7\u00e3o entre as institui\u00e7\u00f5es de seguran\u00e7a p\u00fablica. A visita tamb\u00e9m refor\u00e7ou os la\u00e7os entre o Ex\u00e9rcito Brasileiro e o Corpo de Bombeiros Militar de Rond\u00f4nia, promovendo uma maior integra\u00e7\u00e3o e troca de conhecimentos entre as duas corpora\u00e7\u00f5es.<\/p>\n\n\n\n<figure class=\"wp-block-image size-large\"><img loading=\"lazy\" decoding=\"async\" width=\"1024\" height=\"693\" src=\"http:\/\/10.210.0.90\/wp-content\/uploads\/2024\/08\/comitiva_general_e_comandante-1024x693.jpg\" alt=\"\" class=\"wp-image-2754\" srcset=\"https:\/\/www.cbm.ro.gov.br\/wp-content\/uploads\/2024\/08\/comitiva_general_e_comandante-1024x693.jpg 1024w, https:\/\/www.cbm.ro.gov.br\/wp-content\/uploads\/2024\/08\/comitiva_general_e_comandante-300x203.jpg 300w, https:\/\/www.cbm.ro.gov.br\/wp-content\/uploads\/2024\/08\/comitiva_general_e_comandante-768x520.jpg 768w, https:\/\/www.cbm.ro.gov.br\/wp-content\/uploads\/2024\/08\/comitiva_general_e_comandante-1536x1040.jpg 1536w, https:\/\/www.cbm.ro.gov.br\/wp-content\/uploads\/2024\/08\/comitiva_general_e_comandante-2048x1386.jpg 2048w, https:\/\/www.cbm.ro.gov.br\/wp-content\/uploads\/2024\/08\/comitiva_general_e_comandante-305x207.jpg 305w\" sizes=\"(max-width: 1024px) 100vw, 1024px\" \/><\/figure>\n\n\n\n<p>A presen\u00e7a do General e do IGPM no CMA sublinha a cont\u00ednua dedica\u00e7\u00e3o em manter e fortalecer as parcerias institucionais, um fator essencial para o aprimoramento das opera\u00e7\u00f5es e para a seguran\u00e7a da popula\u00e7\u00e3o.<\/p>\n\n\n\n<figure class=\"wp-block-image size-large\"><img loading=\"lazy\" decoding=\"async\" width=\"1024\" height=\"683\" src=\"http:\/\/10.210.0.90\/wp-content\/uploads\/2024\/08\/DJI_0697_1-1024x683.jpg\" alt=\"\" class=\"wp-image-2755\" srcset=\"https:\/\/www.cbm.ro.gov.br\/wp-content\/uploads\/2024\/08\/DJI_0697_1-1024x683.jpg 1024w, https:\/\/www.cbm.ro.gov.br\/wp-content\/uploads\/2024\/08\/DJI_0697_1-300x200.jpg 300w, https:\/\/www.cbm.ro.gov.br\/wp-content\/uploads\/2024\/08\/DJI_0697_1-768x512.jpg 768w, https:\/\/www.cbm.ro.gov.br\/wp-content\/uploads\/2024\/08\/DJI_0697_1.jpg 1080w\" sizes=\"(max-width: 1024px) 100vw, 1024px\" \/><\/figure>\n","protected":false},"excerpt":{"rendered":"<p>Em mais um passo para o fortalecimento das rela\u00e7\u00f5es institucionais, o Corpo de Bombeiros Militar de Rond\u00f4nia (CBMRO) recebeu, na \u00faltima quinta-feira 08\/08\/2024 , uma visita de orienta\u00e7\u00e3o t\u00e9cnica conduzida&hellip;<\/p>\n","protected":false},"author":5,"featured_media":2750,"comment_status":"closed","ping_status":"open","sticky":false,"template":"","format":"standard","meta":{"footnotes":""},"categories":[1],"tags":[13,74,76,75],"class_list":["post-2749","post","type-post","status-publish","format-standard","has-post-thumbnail","hentry","category-cbmro","tag-cbmro","tag-exercito","tag-general","tag-igpm"],"yoast_head":"<!-- This site is optimized with the Yoast SEO plugin v23.7 - https:\/\/yoast.com\/wordpress\/plugins\/seo\/ -->\n<title>VISITA DE ORIENTA\u00c7\u00c3O T\u00c9CNICA FORTALECE LA\u00c7OS ENTRE O EX\u00c9RCITO BRASILEIRO E O CORPO DE BOMBEIROS MILITAR DE ROND\u00d4NIA - Corpo de Bombeiros Militar de Rond\u00f4nia<\/title>\n<meta name=\"robots\" content=\"index, follow, max-snippet:-1, max-image-preview:large, max-video-preview:-1\" \/>\n<link rel=\"canonical\" href=\"https:\/\/www.cbm.ro.gov.br\/?p=2749\" \/>\n<meta property=\"og:locale\" content=\"pt_BR\" \/>\n<meta property=\"og:type\" content=\"article\" \/>\n<meta property=\"og:title\" content=\"VISITA DE ORIENTA\u00c7\u00c3O T\u00c9CNICA FORTALECE LA\u00c7OS ENTRE O EX\u00c9RCITO BRASILEIRO E O CORPO DE BOMBEIROS MILITAR DE ROND\u00d4NIA - Corpo de Bombeiros Militar de Rond\u00f4nia\" \/>\n<meta property=\"og:description\" content=\"Em mais um passo para o fortalecimento das rela\u00e7\u00f5es institucionais, o Corpo de Bombeiros Militar de Rond\u00f4nia (CBMRO) recebeu, na \u00faltima quinta-feira 08\/08\/2024 , uma visita de orienta\u00e7\u00e3o t\u00e9cnica conduzida&hellip;\" \/>\n<meta property=\"og:url\" content=\"https:\/\/www.cbm.ro.gov.br\/?p=2749\" \/>\n<meta property=\"og:site_name\" content=\"Corpo de Bombeiros Militar de Rond\u00f4nia\" \/>\n<meta property=\"article:publisher\" content=\"https:\/\/www.facebook.com\/cbmro.oficial\/\" \/>\n<meta property=\"article:published_time\" content=\"2024-08-22T16:21:14+00:00\" \/>\n<meta property=\"article:modified_time\" content=\"2024-08-22T16:21:15+00:00\" \/>\n<meta property=\"og:image\" content=\"https:\/\/www.cbm.ro.gov.br\/wp-content\/uploads\/2024\/08\/1080720-1.jpg\" \/>\n\t<meta property=\"og:image:width\" content=\"1080\" \/>\n\t<meta property=\"og:image:height\" content=\"720\" \/>\n\t<meta property=\"og:image:type\" content=\"image\/jpeg\" \/>\n<meta name=\"author\" content=\"Marcos Barros\" \/>\n<meta name=\"twitter:card\" content=\"summary_large_image\" \/>\n<meta name=\"twitter:label1\" content=\"Escrito por\" \/>\n\t<meta name=\"twitter:data1\" content=\"Marcos Barros\" \/>\n\t<meta name=\"twitter:label2\" content=\"Est. tempo de leitura\" \/>\n\t<meta name=\"twitter:data2\" content=\"2 minutos\" \/>\n<script type=\"application\/ld+json\" class=\"yoast-schema-graph\">{\"@context\":\"https:\/\/schema.org\",\"@graph\":[{\"@type\":\"Article\",\"@id\":\"https:\/\/www.cbm.ro.gov.br\/?p=2749#article\",\"isPartOf\":{\"@id\":\"https:\/\/www.cbm.ro.gov.br\/?p=2749\"},\"author\":{\"name\":\"Marcos Barros\",\"@id\":\"https:\/\/www.cbm.ro.gov.br\/#\/schema\/person\/b035b7e269aef4233e9514c2751917c5\"},\"headline\":\"VISITA DE ORIENTA\u00c7\u00c3O T\u00c9CNICA FORTALECE LA\u00c7OS ENTRE O EX\u00c9RCITO BRASILEIRO E O CORPO DE BOMBEIROS MILITAR DE ROND\u00d4NIA\",\"datePublished\":\"2024-08-22T16:21:14+00:00\",\"dateModified\":\"2024-08-22T16:21:15+00:00\",\"mainEntityOfPage\":{\"@id\":\"https:\/\/www.cbm.ro.gov.br\/?p=2749\"},\"wordCount\":336,\"publisher\":{\"@id\":\"https:\/\/www.cbm.ro.gov.br\/#organization\"},\"image\":{\"@id\":\"https:\/\/www.cbm.ro.gov.br\/?p=2749#primaryimage\"},\"thumbnailUrl\":\"https:\/\/www.cbm.ro.gov.br\/wp-content\/uploads\/2024\/08\/1080720-1.jpg\",\"keywords\":[\"CBMRO\",\"EX\u00c9RCITO\",\"GENERAL\",\"IGPM\"],\"articleSection\":[\"CBMRO\"],\"inLanguage\":\"pt-BR\"},{\"@type\":\"WebPage\",\"@id\":\"https:\/\/www.cbm.ro.gov.br\/?p=2749\",\"url\":\"https:\/\/www.cbm.ro.gov.br\/?p=2749\",\"name\":\"VISITA DE ORIENTA\u00c7\u00c3O T\u00c9CNICA FORTALECE LA\u00c7OS ENTRE O EX\u00c9RCITO BRASILEIRO E O CORPO DE BOMBEIROS MILITAR DE ROND\u00d4NIA - Corpo de Bombeiros Militar de Rond\u00f4nia\",\"isPartOf\":{\"@id\":\"https:\/\/www.cbm.ro.gov.br\/#website\"},\"primaryImageOfPage\":{\"@id\":\"https:\/\/www.cbm.ro.gov.br\/?p=2749#primaryimage\"},\"image\":{\"@id\":\"https:\/\/www.cbm.ro.gov.br\/?p=2749#primaryimage\"},\"thumbnailUrl\":\"https:\/\/www.cbm.ro.gov.br\/wp-content\/uploads\/2024\/08\/1080720-1.jpg\",\"datePublished\":\"2024-08-22T16:21:14+00:00\",\"dateModified\":\"2024-08-22T16:21:15+00:00\",\"breadcrumb\":{\"@id\":\"https:\/\/www.cbm.ro.gov.br\/?p=2749#breadcrumb\"},\"inLanguage\":\"pt-BR\",\"potentialAction\":[{\"@type\":\"ReadAction\",\"target\":[\"https:\/\/www.cbm.ro.gov.br\/?p=2749\"]}]},{\"@type\":\"ImageObject\",\"inLanguage\":\"pt-BR\",\"@id\":\"https:\/\/www.cbm.ro.gov.br\/?p=2749#primaryimage\",\"url\":\"https:\/\/www.cbm.ro.gov.br\/wp-content\/uploads\/2024\/08\/1080720-1.jpg\",\"contentUrl\":\"https:\/\/www.cbm.ro.gov.br\/wp-content\/uploads\/2024\/08\/1080720-1.jpg\",\"width\":1080,\"height\":720},{\"@type\":\"BreadcrumbList\",\"@id\":\"https:\/\/www.cbm.ro.gov.br\/?p=2749#breadcrumb\",\"itemListElement\":[{\"@type\":\"ListItem\",\"position\":1,\"name\":\"In\u00edcio\",\"item\":\"https:\/\/www.cbm.ro.gov.br\/\"},{\"@type\":\"ListItem\",\"position\":2,\"name\":\"VISITA DE ORIENTA\u00c7\u00c3O T\u00c9CNICA FORTALECE LA\u00c7OS ENTRE O EX\u00c9RCITO BRASILEIRO E O CORPO DE BOMBEIROS MILITAR DE ROND\u00d4NIA\"}]},{\"@type\":\"WebSite\",\"@id\":\"https:\/\/www.cbm.ro.gov.br\/#website\",\"url\":\"https:\/\/www.cbm.ro.gov.br\/\",\"name\":\"Corpo de Bombeiros Militar de Rond\u00f4nia\",\"description\":\"Vidas alheias, riquezas salvar!\",\"publisher\":{\"@id\":\"https:\/\/www.cbm.ro.gov.br\/#organization\"},\"alternateName\":\"cbmro\",\"potentialAction\":[{\"@type\":\"SearchAction\",\"target\":{\"@type\":\"EntryPoint\",\"urlTemplate\":\"https:\/\/www.cbm.ro.gov.br\/?s={search_term_string}\"},\"query-input\":{\"@type\":\"PropertyValueSpecification\",\"valueRequired\":true,\"valueName\":\"search_term_string\"}}],\"inLanguage\":\"pt-BR\"},{\"@type\":\"Organization\",\"@id\":\"https:\/\/www.cbm.ro.gov.br\/#organization\",\"name\":\"Corpo de Bombeiros Militar do Estado de Rond\u00f4nia\",\"alternateName\":\"CBMRO\",\"url\":\"https:\/\/www.cbm.ro.gov.br\/\",\"logo\":{\"@type\":\"ImageObject\",\"inLanguage\":\"pt-BR\",\"@id\":\"https:\/\/www.cbm.ro.gov.br\/#\/schema\/logo\/image\/\",\"url\":\"https:\/\/www.cbm.ro.gov.br\/wp-content\/uploads\/2023\/12\/cropped-cropped-cropped-BRASO_3D_32-1-e1724344443171.png\",\"contentUrl\":\"https:\/\/www.cbm.ro.gov.br\/wp-content\/uploads\/2023\/12\/cropped-cropped-cropped-BRASO_3D_32-1-e1724344443171.png\",\"width\":446,\"height\":441,\"caption\":\"Corpo de Bombeiros Militar do Estado de Rond\u00f4nia\"},\"image\":{\"@id\":\"https:\/\/www.cbm.ro.gov.br\/#\/schema\/logo\/image\/\"},\"sameAs\":[\"https:\/\/www.facebook.com\/cbmro.oficial\/\",\"https:\/\/www.youtube.com\/c\/CorpodeBombeirosMilitardoEstadodeRond\u00f4nia\"]},{\"@type\":\"Person\",\"@id\":\"https:\/\/www.cbm.ro.gov.br\/#\/schema\/person\/b035b7e269aef4233e9514c2751917c5\",\"name\":\"Marcos Barros\",\"sameAs\":[\"http:\/\/10.210.0.90\/wp-admin\/post.php?post=2688&amp;action=edit\"],\"url\":\"https:\/\/www.cbm.ro.gov.br\/?author=5\"}]}<\/script>\n<!-- \/ Yoast SEO plugin. -->","yoast_head_json":{"title":"VISITA DE ORIENTA\u00c7\u00c3O T\u00c9CNICA FORTALECE LA\u00c7OS ENTRE O EX\u00c9RCITO BRASILEIRO E O CORPO DE BOMBEIROS MILITAR DE ROND\u00d4NIA - Corpo de Bombeiros Militar de Rond\u00f4nia","robots":{"index":"index","follow":"follow","max-snippet":"max-snippet:-1","max-image-preview":"max-image-preview:large","max-video-preview":"max-video-preview:-1"},"canonical":"https:\/\/www.cbm.ro.gov.br\/?p=2749","og_locale":"pt_BR","og_type":"article","og_title":"VISITA DE ORIENTA\u00c7\u00c3O T\u00c9CNICA FORTALECE LA\u00c7OS ENTRE O EX\u00c9RCITO BRASILEIRO E O CORPO DE BOMBEIROS MILITAR DE ROND\u00d4NIA - Corpo de Bombeiros Militar de Rond\u00f4nia","og_description":"Em mais um passo para o fortalecimento das rela\u00e7\u00f5es institucionais, o Corpo de Bombeiros Militar de Rond\u00f4nia (CBMRO) recebeu, na \u00faltima quinta-feira 08\/08\/2024 , uma visita de orienta\u00e7\u00e3o t\u00e9cnica conduzida&hellip;","og_url":"https:\/\/www.cbm.ro.gov.br\/?p=2749","og_site_name":"Corpo de Bombeiros Militar de Rond\u00f4nia","article_publisher":"https:\/\/www.facebook.com\/cbmro.oficial\/","article_published_time":"2024-08-22T16:21:14+00:00","article_modified_time":"2024-08-22T16:21:15+00:00","og_image":[{"width":1080,"height":720,"url":"https:\/\/www.cbm.ro.gov.br\/wp-content\/uploads\/2024\/08\/1080720-1.jpg","type":"image\/jpeg"}],"author":"Marcos Barros","twitter_card":"summary_large_image","twitter_misc":{"Escrito por":"Marcos Barros","Est. tempo de leitura":"2 minutos"},"schema":{"@context":"https:\/\/schema.org","@graph":[{"@type":"Article","@id":"https:\/\/www.cbm.ro.gov.br\/?p=2749#article","isPartOf":{"@id":"https:\/\/www.cbm.ro.gov.br\/?p=2749"},"author":{"name":"Marcos Barros","@id":"https:\/\/www.cbm.ro.gov.br\/#\/schema\/person\/b035b7e269aef4233e9514c2751917c5"},"headline":"VISITA DE ORIENTA\u00c7\u00c3O T\u00c9CNICA FORTALECE LA\u00c7OS ENTRE O EX\u00c9RCITO BRASILEIRO E O CORPO DE BOMBEIROS MILITAR DE ROND\u00d4NIA","datePublished":"2024-08-22T16:21:14+00:00","dateModified":"2024-08-22T16:21:15+00:00","mainEntityOfPage":{"@id":"https:\/\/www.cbm.ro.gov.br\/?p=2749"},"wordCount":336,"publisher":{"@id":"https:\/\/www.cbm.ro.gov.br\/#organization"},"image":{"@id":"https:\/\/www.cbm.ro.gov.br\/?p=2749#primaryimage"},"thumbnailUrl":"https:\/\/www.cbm.ro.gov.br\/wp-content\/uploads\/2024\/08\/1080720-1.jpg","keywords":["CBMRO","EX\u00c9RCITO","GENERAL","IGPM"],"articleSection":["CBMRO"],"inLanguage":"pt-BR"},{"@type":"WebPage","@id":"https:\/\/www.cbm.ro.gov.br\/?p=2749","url":"https:\/\/www.cbm.ro.gov.br\/?p=2749","name":"VISITA DE ORIENTA\u00c7\u00c3O T\u00c9CNICA FORTALECE LA\u00c7OS ENTRE O EX\u00c9RCITO BRASILEIRO E O CORPO DE BOMBEIROS MILITAR DE ROND\u00d4NIA - Corpo de Bombeiros Militar de Rond\u00f4nia","isPartOf":{"@id":"https:\/\/www.cbm.ro.gov.br\/#website"},"primaryImageOfPage":{"@id":"https:\/\/www.cbm.ro.gov.br\/?p=2749#primaryimage"},"image":{"@id":"https:\/\/www.cbm.ro.gov.br\/?p=2749#primaryimage"},"thumbnailUrl":"https:\/\/www.cbm.ro.gov.br\/wp-content\/uploads\/2024\/08\/1080720-1.jpg","datePublished":"2024-08-22T16:21:14+00:00","dateModified":"2024-08-22T16:21:15+00:00","breadcrumb":{"@id":"https:\/\/www.cbm.ro.gov.br\/?p=2749#breadcrumb"},"inLanguage":"pt-BR","potentialAction":[{"@type":"ReadAction","target":["https:\/\/www.cbm.ro.gov.br\/?p=2749"]}]},{"@type":"ImageObject","inLanguage":"pt-BR","@id":"https:\/\/www.cbm.ro.gov.br\/?p=2749#primaryimage","url":"https:\/\/www.cbm.ro.gov.br\/wp-content\/uploads\/2024\/08\/1080720-1.jpg","contentUrl":"https:\/\/www.cbm.ro.gov.br\/wp-content\/uploads\/2024\/08\/1080720-1.jpg","width":1080,"height":720},{"@type":"BreadcrumbList","@id":"https:\/\/www.cbm.ro.gov.br\/?p=2749#breadcrumb","itemListElement":[{"@type":"ListItem","position":1,"name":"In\u00edcio","item":"https:\/\/www.cbm.ro.gov.br\/"},{"@type":"ListItem","position":2,"name":"VISITA DE ORIENTA\u00c7\u00c3O T\u00c9CNICA FORTALECE LA\u00c7OS ENTRE O EX\u00c9RCITO BRASILEIRO E O CORPO DE BOMBEIROS MILITAR DE ROND\u00d4NIA"}]},{"@type":"WebSite","@id":"https:\/\/www.cbm.ro.gov.br\/#website","url":"https:\/\/www.cbm.ro.gov.br\/","name":"Corpo de Bombeiros Militar de Rond\u00f4nia","description":"Vidas alheias, riquezas salvar!","publisher":{"@id":"https:\/\/www.cbm.ro.gov.br\/#organization"},"alternateName":"cbmro","potentialAction":[{"@type":"SearchAction","target":{"@type":"EntryPoint","urlTemplate":"https:\/\/www.cbm.ro.gov.br\/?s={search_term_string}"},"query-input":{"@type":"PropertyValueSpecification","valueRequired":true,"valueName":"search_term_string"}}],"inLanguage":"pt-BR"},{"@type":"Organization","@id":"https:\/\/www.cbm.ro.gov.br\/#organization","name":"Corpo de Bombeiros Militar do Estado de Rond\u00f4nia","alternateName":"CBMRO","url":"https:\/\/www.cbm.ro.gov.br\/","logo":{"@type":"ImageObject","inLanguage":"pt-BR","@id":"https:\/\/www.cbm.ro.gov.br\/#\/schema\/logo\/image\/","url":"https:\/\/www.cbm.ro.gov.br\/wp-content\/uploads\/2023\/12\/cropped-cropped-cropped-BRASO_3D_32-1-e1724344443171.png","contentUrl":"https:\/\/www.cbm.ro.gov.br\/wp-content\/uploads\/2023\/12\/cropped-cropped-cropped-BRASO_3D_32-1-e1724344443171.png","width":446,"height":441,"caption":"Corpo de Bombeiros Militar do Estado de Rond\u00f4nia"},"image":{"@id":"https:\/\/www.cbm.ro.gov.br\/#\/schema\/logo\/image\/"},"sameAs":["https:\/\/www.facebook.com\/cbmro.oficial\/","https:\/\/www.youtube.com\/c\/CorpodeBombeirosMilitardoEstadodeRond\u00f4nia"]},{"@type":"Person","@id":"https:\/\/www.cbm.ro.gov.br\/#\/schema\/person\/b035b7e269aef4233e9514c2751917c5","name":"Marcos Barros","sameAs":["http:\/\/10.210.0.90\/wp-admin\/post.php?post=2688&amp;action=edit"],"url":"https:\/\/www.cbm.ro.gov.br\/?author=5"}]}},"wpmagazine_modules_lite_featured_media_urls":{"thumbnail":["https:\/\/www.cbm.ro.gov.br\/wp-content\/uploads\/2024\/08\/1080720-1-150x150.jpg",150,150,true],"cvmm-medium":["https:\/\/www.cbm.ro.gov.br\/wp-content\/uploads\/2024\/08\/1080720-1-300x300.jpg",300,300,true],"cvmm-medium-plus":["https:\/\/www.cbm.ro.gov.br\/wp-content\/uploads\/2024\/08\/1080720-1-305x207.jpg",305,207,true],"cvmm-portrait":["https:\/\/www.cbm.ro.gov.br\/wp-content\/uploads\/2024\/08\/1080720-1-400x600.jpg",400,600,true],"cvmm-medium-square":["https:\/\/www.cbm.ro.gov.br\/wp-content\/uploads\/2024\/08\/1080720-1-600x600.jpg",600,600,true],"cvmm-large":["https:\/\/www.cbm.ro.gov.br\/wp-content\/uploads\/2024\/08\/1080720-1-1024x720.jpg",1024,720,true],"cvmm-small":["https:\/\/www.cbm.ro.gov.br\/wp-content\/uploads\/2024\/08\/1080720-1-130x95.jpg",130,95,true],"full":["https:\/\/www.cbm.ro.gov.br\/wp-content\/uploads\/2024\/08\/1080720-1.jpg",1080,720,false]},"categories_names":{"1":{"name":"CBMRO","link":"https:\/\/www.cbm.ro.gov.br\/?cat=1"}},"tags_names":{"13":{"name":"CBMRO","link":"https:\/\/www.cbm.ro.gov.br\/?tag=cbmro"},"74":{"name":"EX\u00c9RCITO","link":"https:\/\/www.cbm.ro.gov.br\/?tag=exercito"},"76":{"name":"GENERAL","link":"https:\/\/www.cbm.ro.gov.br\/?tag=general"},"75":{"name":"IGPM","link":"https:\/\/www.cbm.ro.gov.br\/?tag=igpm"}},"comments_number":"0","_links":{"self":[{"href":"https:\/\/www.cbm.ro.gov.br\/index.php?rest_route=\/wp\/v2\/posts\/2749","targetHints":{"allow":["GET"]}}],"collection":[{"href":"https:\/\/www.cbm.ro.gov.br\/index.php?rest_route=\/wp\/v2\/posts"}],"about":[{"href":"https:\/\/www.cbm.ro.gov.br\/index.php?rest_route=\/wp\/v2\/types\/post"}],"author":[{"embeddable":true,"href":"https:\/\/www.cbm.ro.gov.br\/index.php?rest_route=\/wp\/v2\/users\/5"}],"replies":[{"embeddable":true,"href":"https:\/\/www.cbm.ro.gov.br\/index.php?rest_route=%2Fwp%2Fv2%2Fcomments&post=2749"}],"version-history":[{"count":1,"href":"https:\/\/www.cbm.ro.gov.br\/index.php?rest_route=\/wp\/v2\/posts\/2749\/revisions"}],"predecessor-version":[{"id":2756,"href":"https:\/\/www.cbm.ro.gov.br\/index.php?rest_route=\/wp\/v2\/posts\/2749\/revisions\/2756"}],"wp:featuredmedia":[{"embeddable":true,"href":"https:\/\/www.cbm.ro.gov.br\/index.php?rest_route=\/wp\/v2\/media\/2750"}],"wp:attachment":[{"href":"https:\/\/www.cbm.ro.gov.br\/index.php?rest_route=%2Fwp%2Fv2%2Fmedia&parent=2749"}],"wp:term":[{"taxonomy":"category","embeddable":true,"href":"https:\/\/www.cbm.ro.gov.br\/index.php?rest_route=%2Fwp%2Fv2%2Fcategories&post=2749"},{"taxonomy":"post_tag","embeddable":true,"href":"https:\/\/www.cbm.ro.gov.br\/index.php?rest_route=%2Fwp%2Fv2%2Ftags&post=2749"}],"curies":[{"name":"wp","href":"https:\/\/api.w.org\/{rel}","templated":true}]}}