{"id":2427,"date":"2024-02-19T13:05:00","date_gmt":"2024-02-19T17:05:00","guid":{"rendered":"http:\/\/10.210.0.90\/?p=2427"},"modified":"2024-02-19T13:05:00","modified_gmt":"2024-02-19T17:05:00","slug":"cbmro-inaugura-torre-de-salvamento-em-altura","status":"publish","type":"post","link":"https:\/\/www.cbm.ro.gov.br\/?p=2427","title":{"rendered":"CBMRO INAUGURA TORRE DE SALVAMENTO EM ALTURA"},"content":{"rendered":"\n<p>Em uma cerim\u00f4nia realizada na \u00faltima quinta-feira, 15 de fevereiro de 2024, no Centro de Treinamento Operacional (CTO) o Corpo de Bombeiros Militar de Rond\u00f4nia celebrou a inaugura\u00e7\u00e3o da Torre de Treinamento em Altura, uma estrutura estrat\u00e9gica com 16,20 metros de altura, distribu\u00edda em quatro pavimentos, totalizando 153,74 metros quadrados de \u00e1rea constru\u00edda.\u00a0<\/p>\n\n\n\n<figure class=\"wp-block-image size-large\"><img fetchpriority=\"high\" decoding=\"async\" width=\"1024\" height=\"683\" src=\"http:\/\/10.210.0.90\/wp-content\/uploads\/2024\/02\/2-TORRE-DE-SALVAMENTO-EM-ALTURA-CBMRO-1024x683.jpg\" alt=\"\" class=\"wp-image-2433\" srcset=\"https:\/\/www.cbm.ro.gov.br\/wp-content\/uploads\/2024\/02\/2-TORRE-DE-SALVAMENTO-EM-ALTURA-CBMRO-1024x683.jpg 1024w, https:\/\/www.cbm.ro.gov.br\/wp-content\/uploads\/2024\/02\/2-TORRE-DE-SALVAMENTO-EM-ALTURA-CBMRO-300x200.jpg 300w, https:\/\/www.cbm.ro.gov.br\/wp-content\/uploads\/2024\/02\/2-TORRE-DE-SALVAMENTO-EM-ALTURA-CBMRO-768x512.jpg 768w, https:\/\/www.cbm.ro.gov.br\/wp-content\/uploads\/2024\/02\/2-TORRE-DE-SALVAMENTO-EM-ALTURA-CBMRO.jpg 1080w\" sizes=\"(max-width: 1024px) 100vw, 1024px\" \/><\/figure>\n\n\n\n<p>A solenidade contou com a presen\u00e7a do vice-governador S\u00e9rgio Gon\u00e7alves, deputado federal Maur\u00edcio Carvalho, Mariana Carvalho, Secret\u00e1rio de Estado da Seguran\u00e7a, Defesa e Cidadania (SESDEC) Coronel Bm Vital, secret\u00e1rio adjunto SESDEC DR.H\u00e9lio Gomes, Diretor POLITEC Domingos S\u00e1vio, pol\u00edcia civil (DEPOM) Lucilene Pedrosa, secret\u00e1rio SEOSP Elias Rezende, secret\u00e1rio adjunto SEOSP Coronel Pm Pach\u00e1, superintendente SEPAT David In\u00e1cio dos Santos Filho e representantes da sociedade civil, reafirmando o compromisso do Governo do Estado de Rond\u00f4nia com a seguran\u00e7a e bem-estar da popula\u00e7\u00e3o.<\/p>\n\n\n\n<figure class=\"wp-block-image size-large\"><img decoding=\"async\" width=\"1024\" height=\"683\" src=\"http:\/\/10.210.0.90\/wp-content\/uploads\/2024\/02\/3-Decerramento-da-placa2-1024x683.jpeg\" alt=\"\" class=\"wp-image-2432\" srcset=\"https:\/\/www.cbm.ro.gov.br\/wp-content\/uploads\/2024\/02\/3-Decerramento-da-placa2-1024x683.jpeg 1024w, https:\/\/www.cbm.ro.gov.br\/wp-content\/uploads\/2024\/02\/3-Decerramento-da-placa2-300x200.jpeg 300w, https:\/\/www.cbm.ro.gov.br\/wp-content\/uploads\/2024\/02\/3-Decerramento-da-placa2-768x512.jpeg 768w, https:\/\/www.cbm.ro.gov.br\/wp-content\/uploads\/2024\/02\/3-Decerramento-da-placa2.jpeg 1080w\" sizes=\"(max-width: 1024px) 100vw, 1024px\" \/><\/figure>\n\n\n\n<p>A Torre de Treinamento em Altura representa um marco significativo para o CBMRO, refor\u00e7ando o compromisso em garantir a excel\u00eancia nas habilidades dos bombeiros militares do estado. Em um momento de verticaliza\u00e7\u00e3o e constru\u00e7\u00e3o de grandes edif\u00edcios em Rond\u00f4nia, a necessidade de fortalecer a seguran\u00e7a contra inc\u00eandios e o salvamento em altura torna-se fundamental. A mesma foi constru\u00edda pela empresa Mayk Wislly de Sousa Freitas Eireli (fantasia: PILAR Constru\u00e7\u00f5es). A obra foi finalizada em 16 de outubro de 2023, ap\u00f3s 280 dias de constru\u00e7\u00e3o iniciada em 09 de janeiro do mesmo ano, com investimento total de R$616.102,76, sendo R$286.500,00 provenientes de emenda federal da ex Deputada Federal Mariana Carvalho e R$329.602,76 do recurso do Fundo Especial do Corpo de Bombeiros (FUNESBOM).<\/p>\n\n\n\n<figure class=\"wp-block-image size-large\"><img decoding=\"async\" width=\"1024\" height=\"683\" src=\"http:\/\/10.210.0.90\/wp-content\/uploads\/2024\/02\/4-TORRE-DE-SALVAMENTO-EM-ALTURA-DEMONSTRACAO-1024x683.jpg\" alt=\"\" class=\"wp-image-2431\" srcset=\"https:\/\/www.cbm.ro.gov.br\/wp-content\/uploads\/2024\/02\/4-TORRE-DE-SALVAMENTO-EM-ALTURA-DEMONSTRACAO-1024x683.jpg 1024w, https:\/\/www.cbm.ro.gov.br\/wp-content\/uploads\/2024\/02\/4-TORRE-DE-SALVAMENTO-EM-ALTURA-DEMONSTRACAO-300x200.jpg 300w, https:\/\/www.cbm.ro.gov.br\/wp-content\/uploads\/2024\/02\/4-TORRE-DE-SALVAMENTO-EM-ALTURA-DEMONSTRACAO-768x512.jpg 768w, https:\/\/www.cbm.ro.gov.br\/wp-content\/uploads\/2024\/02\/4-TORRE-DE-SALVAMENTO-EM-ALTURA-DEMONSTRACAO.jpg 1080w\" sizes=\"(max-width: 1024px) 100vw, 1024px\" \/><\/figure>\n\n\n\n<p>O Coronel BM Nivaldo, comandante geral do CBMRO, agradeceu ao Governo do Estado de Rond\u00f4nia e destacou a import\u00e2ncia do investimento na forma\u00e7\u00e3o e aprimoramento dos bombeiros militares. A Deputada Federal Mariana Carvalho, por sua vez, refor\u00e7ou seu compromisso com a seguran\u00e7a p\u00fablica ao destinar emenda federal para a constru\u00e7\u00e3o da Torre de Treinamento.<\/p>\n\n\n\n<figure class=\"wp-block-image size-large\"><img loading=\"lazy\" decoding=\"async\" width=\"1024\" height=\"576\" src=\"http:\/\/10.210.0.90\/wp-content\/uploads\/2024\/02\/5-INAUGURACAO-TORRE-DE-SALVAMENTO-EM-ALTURA-AUTORIDADES-PRESENTES-1024x576.jpg\" alt=\"\" class=\"wp-image-2430\" srcset=\"https:\/\/www.cbm.ro.gov.br\/wp-content\/uploads\/2024\/02\/5-INAUGURACAO-TORRE-DE-SALVAMENTO-EM-ALTURA-AUTORIDADES-PRESENTES-1024x576.jpg 1024w, https:\/\/www.cbm.ro.gov.br\/wp-content\/uploads\/2024\/02\/5-INAUGURACAO-TORRE-DE-SALVAMENTO-EM-ALTURA-AUTORIDADES-PRESENTES-300x169.jpg 300w, https:\/\/www.cbm.ro.gov.br\/wp-content\/uploads\/2024\/02\/5-INAUGURACAO-TORRE-DE-SALVAMENTO-EM-ALTURA-AUTORIDADES-PRESENTES-768x432.jpg 768w, https:\/\/www.cbm.ro.gov.br\/wp-content\/uploads\/2024\/02\/5-INAUGURACAO-TORRE-DE-SALVAMENTO-EM-ALTURA-AUTORIDADES-PRESENTES.jpg 1080w\" sizes=\"(max-width: 1024px) 100vw, 1024px\" \/><\/figure>\n\n\n\n<p>A Torre de Treinamento \u00e9 muito importante para a realiza\u00e7\u00e3o de treinamentos rotineiros, fiscaliza\u00e7\u00e3o e manuseio de equipamentos de prote\u00e7\u00e3o contra inc\u00eandio em edifica\u00e7\u00f5es. Entre as capacidades proporcionadas pelo CTO, destacam-se a simula\u00e7\u00e3o e treinamento de resgates em altura, resgates com helic\u00f3pteros, opera\u00e7\u00f5es com hidrantes, sprinkler, detec\u00e7\u00e3o, alarme, extintores, sa\u00eddas de emerg\u00eancia, sinaliza\u00e7\u00e3o e ilumina\u00e7\u00e3o de emerg\u00eancia.<\/p>\n\n\n\n<figure class=\"wp-block-image size-large\"><img loading=\"lazy\" decoding=\"async\" width=\"1024\" height=\"576\" src=\"http:\/\/10.210.0.90\/wp-content\/uploads\/2024\/02\/6-EQUIPE-DE-DEMONSTRACAO-1024x576.jpeg\" alt=\"\" class=\"wp-image-2429\" srcset=\"https:\/\/www.cbm.ro.gov.br\/wp-content\/uploads\/2024\/02\/6-EQUIPE-DE-DEMONSTRACAO-1024x576.jpeg 1024w, https:\/\/www.cbm.ro.gov.br\/wp-content\/uploads\/2024\/02\/6-EQUIPE-DE-DEMONSTRACAO-300x169.jpeg 300w, https:\/\/www.cbm.ro.gov.br\/wp-content\/uploads\/2024\/02\/6-EQUIPE-DE-DEMONSTRACAO-768x432.jpeg 768w, https:\/\/www.cbm.ro.gov.br\/wp-content\/uploads\/2024\/02\/6-EQUIPE-DE-DEMONSTRACAO.jpeg 1080w\" sizes=\"(max-width: 1024px) 100vw, 1024px\" \/><\/figure>\n\n\n\n<p>O CBMRO, por meio dessa iniciativa, refor\u00e7a seu compromisso cont\u00ednuo em aprimorar suas capacidades operacionais, garantindo a seguran\u00e7a da popula\u00e7\u00e3o de Rond\u00f4nia diante dos desafios apresentados pelo desenvolvimento urbano e verticaliza\u00e7\u00e3o do estado.<\/p>\n\n\n\n<figure data-wp-context=\"{&quot;imageId&quot;:&quot;69f736796fc6c&quot;}\" data-wp-interactive=\"core\/image\" class=\"wp-block-image size-large wp-lightbox-container\"><img loading=\"lazy\" decoding=\"async\" width=\"1024\" height=\"683\" data-wp-class--hide=\"state.isContentHidden\" data-wp-class--show=\"state.isContentVisible\" data-wp-init=\"callbacks.setButtonStyles\" data-wp-on-async--click=\"actions.showLightbox\" data-wp-on-async--load=\"callbacks.setButtonStyles\" data-wp-on-async-window--resize=\"callbacks.setButtonStyles\" src=\"http:\/\/10.210.0.90\/wp-content\/uploads\/2024\/02\/7-INAUGURACAO-TORRE-DE-SALVAMENTO-EM-ALTURA-COMANDANTE-1024x683.jpg\" alt=\"\" class=\"wp-image-2428\" srcset=\"https:\/\/www.cbm.ro.gov.br\/wp-content\/uploads\/2024\/02\/7-INAUGURACAO-TORRE-DE-SALVAMENTO-EM-ALTURA-COMANDANTE-1024x683.jpg 1024w, https:\/\/www.cbm.ro.gov.br\/wp-content\/uploads\/2024\/02\/7-INAUGURACAO-TORRE-DE-SALVAMENTO-EM-ALTURA-COMANDANTE-300x200.jpg 300w, https:\/\/www.cbm.ro.gov.br\/wp-content\/uploads\/2024\/02\/7-INAUGURACAO-TORRE-DE-SALVAMENTO-EM-ALTURA-COMANDANTE-768x512.jpg 768w, https:\/\/www.cbm.ro.gov.br\/wp-content\/uploads\/2024\/02\/7-INAUGURACAO-TORRE-DE-SALVAMENTO-EM-ALTURA-COMANDANTE.jpg 1080w\" sizes=\"(max-width: 1024px) 100vw, 1024px\" \/><button\n\t\t\tclass=\"lightbox-trigger\"\n\t\t\ttype=\"button\"\n\t\t\taria-haspopup=\"dialog\"\n\t\t\taria-label=\"Ampliar\"\n\t\t\tdata-wp-init=\"callbacks.initTriggerButton\"\n\t\t\tdata-wp-on-async--click=\"actions.showLightbox\"\n\t\t\tdata-wp-style--right=\"state.imageButtonRight\"\n\t\t\tdata-wp-style--top=\"state.imageButtonTop\"\n\t\t>\n\t\t\t<svg xmlns=\"http:\/\/www.w3.org\/2000\/svg\" width=\"12\" height=\"12\" fill=\"none\" viewBox=\"0 0 12 12\">\n\t\t\t\t<path fill=\"#fff\" d=\"M2 0a2 2 0 0 0-2 2v2h1.5V2a.5.5 0 0 1 .5-.5h2V0H2Zm2 10.5H2a.5.5 0 0 1-.5-.5V8H0v2a2 2 0 0 0 2 2h2v-1.5ZM8 12v-1.5h2a.5.5 0 0 0 .5-.5V8H12v2a2 2 0 0 1-2 2H8Zm2-12a2 2 0 0 1 2 2v2h-1.5V2a.5.5 0 0 0-.5-.5H8V0h2Z\" \/>\n\t\t\t<\/svg>\n\t\t<\/button><\/figure>\n","protected":false},"excerpt":{"rendered":"<p>Em uma cerim\u00f4nia realizada na \u00faltima quinta-feira, 15 de fevereiro de 2024, no Centro de Treinamento Operacional (CTO) o Corpo de Bombeiros Militar de Rond\u00f4nia celebrou a inaugura\u00e7\u00e3o da Torre&hellip;<\/p>\n","protected":false},"author":3,"featured_media":2434,"comment_status":"closed","ping_status":"open","sticky":false,"template":"","format":"standard","meta":{"footnotes":""},"categories":[1],"tags":[13,45,34,46],"class_list":["post-2427","post","type-post","status-publish","format-standard","has-post-thumbnail","hentry","category-cbmro","tag-cbmro","tag-inauguracao","tag-porto-velho","tag-torre-de-salvamento"],"yoast_head":"<!-- This site is optimized with the Yoast SEO plugin v23.7 - https:\/\/yoast.com\/wordpress\/plugins\/seo\/ -->\n<title>CBMRO INAUGURA TORRE DE SALVAMENTO EM ALTURA - Corpo de Bombeiros Militar de Rond\u00f4nia<\/title>\n<meta name=\"robots\" content=\"index, follow, max-snippet:-1, max-image-preview:large, max-video-preview:-1\" \/>\n<link rel=\"canonical\" href=\"https:\/\/www.cbm.ro.gov.br\/?p=2427\" \/>\n<meta property=\"og:locale\" content=\"pt_BR\" \/>\n<meta property=\"og:type\" content=\"article\" \/>\n<meta property=\"og:title\" content=\"CBMRO INAUGURA TORRE DE SALVAMENTO EM ALTURA - Corpo de Bombeiros Militar de Rond\u00f4nia\" \/>\n<meta property=\"og:description\" content=\"Em uma cerim\u00f4nia realizada na \u00faltima quinta-feira, 15 de fevereiro de 2024, no Centro de Treinamento Operacional (CTO) o Corpo de Bombeiros Militar de Rond\u00f4nia celebrou a inaugura\u00e7\u00e3o da Torre&hellip;\" \/>\n<meta property=\"og:url\" content=\"https:\/\/www.cbm.ro.gov.br\/?p=2427\" \/>\n<meta property=\"og:site_name\" content=\"Corpo de Bombeiros Militar de Rond\u00f4nia\" \/>\n<meta property=\"article:publisher\" content=\"https:\/\/www.facebook.com\/cbmro.oficial\/\" \/>\n<meta property=\"article:published_time\" content=\"2024-02-19T17:05:00+00:00\" \/>\n<meta property=\"og:image\" content=\"https:\/\/www.cbm.ro.gov.br\/wp-content\/uploads\/2024\/02\/1-INAUGURACAO-TORRE-DE-SALVAMENTO-EM-ALTURA.jpg\" \/>\n\t<meta property=\"og:image:width\" content=\"1080\" \/>\n\t<meta property=\"og:image:height\" content=\"608\" \/>\n\t<meta property=\"og:image:type\" content=\"image\/jpeg\" \/>\n<meta name=\"author\" content=\"Diovana Castellon\" \/>\n<meta name=\"twitter:card\" content=\"summary_large_image\" \/>\n<meta name=\"twitter:label1\" content=\"Escrito por\" \/>\n\t<meta name=\"twitter:data1\" content=\"Diovana Castellon\" \/>\n\t<meta name=\"twitter:label2\" content=\"Est. tempo de leitura\" \/>\n\t<meta name=\"twitter:data2\" content=\"2 minutos\" \/>\n<script type=\"application\/ld+json\" class=\"yoast-schema-graph\">{\"@context\":\"https:\/\/schema.org\",\"@graph\":[{\"@type\":\"Article\",\"@id\":\"https:\/\/www.cbm.ro.gov.br\/?p=2427#article\",\"isPartOf\":{\"@id\":\"https:\/\/www.cbm.ro.gov.br\/?p=2427\"},\"author\":{\"name\":\"Diovana Castellon\",\"@id\":\"https:\/\/www.cbm.ro.gov.br\/#\/schema\/person\/8e7b7a65b9962de993d36cb5fca8412f\"},\"headline\":\"CBMRO INAUGURA TORRE DE SALVAMENTO EM ALTURA\",\"datePublished\":\"2024-02-19T17:05:00+00:00\",\"dateModified\":\"2024-02-19T17:05:00+00:00\",\"mainEntityOfPage\":{\"@id\":\"https:\/\/www.cbm.ro.gov.br\/?p=2427\"},\"wordCount\":458,\"publisher\":{\"@id\":\"https:\/\/www.cbm.ro.gov.br\/#organization\"},\"image\":{\"@id\":\"https:\/\/www.cbm.ro.gov.br\/?p=2427#primaryimage\"},\"thumbnailUrl\":\"https:\/\/www.cbm.ro.gov.br\/wp-content\/uploads\/2024\/02\/1-INAUGURACAO-TORRE-DE-SALVAMENTO-EM-ALTURA.jpg\",\"keywords\":[\"CBMRO\",\"Inaugura\u00e7\u00e3o\",\"Porto Velho\",\"Torre de Salvamento\"],\"articleSection\":[\"CBMRO\"],\"inLanguage\":\"pt-BR\"},{\"@type\":\"WebPage\",\"@id\":\"https:\/\/www.cbm.ro.gov.br\/?p=2427\",\"url\":\"https:\/\/www.cbm.ro.gov.br\/?p=2427\",\"name\":\"CBMRO INAUGURA TORRE DE SALVAMENTO EM ALTURA - Corpo de Bombeiros Militar de Rond\u00f4nia\",\"isPartOf\":{\"@id\":\"https:\/\/www.cbm.ro.gov.br\/#website\"},\"primaryImageOfPage\":{\"@id\":\"https:\/\/www.cbm.ro.gov.br\/?p=2427#primaryimage\"},\"image\":{\"@id\":\"https:\/\/www.cbm.ro.gov.br\/?p=2427#primaryimage\"},\"thumbnailUrl\":\"https:\/\/www.cbm.ro.gov.br\/wp-content\/uploads\/2024\/02\/1-INAUGURACAO-TORRE-DE-SALVAMENTO-EM-ALTURA.jpg\",\"datePublished\":\"2024-02-19T17:05:00+00:00\",\"dateModified\":\"2024-02-19T17:05:00+00:00\",\"breadcrumb\":{\"@id\":\"https:\/\/www.cbm.ro.gov.br\/?p=2427#breadcrumb\"},\"inLanguage\":\"pt-BR\",\"potentialAction\":[{\"@type\":\"ReadAction\",\"target\":[\"https:\/\/www.cbm.ro.gov.br\/?p=2427\"]}]},{\"@type\":\"ImageObject\",\"inLanguage\":\"pt-BR\",\"@id\":\"https:\/\/www.cbm.ro.gov.br\/?p=2427#primaryimage\",\"url\":\"https:\/\/www.cbm.ro.gov.br\/wp-content\/uploads\/2024\/02\/1-INAUGURACAO-TORRE-DE-SALVAMENTO-EM-ALTURA.jpg\",\"contentUrl\":\"https:\/\/www.cbm.ro.gov.br\/wp-content\/uploads\/2024\/02\/1-INAUGURACAO-TORRE-DE-SALVAMENTO-EM-ALTURA.jpg\",\"width\":1080,\"height\":608},{\"@type\":\"BreadcrumbList\",\"@id\":\"https:\/\/www.cbm.ro.gov.br\/?p=2427#breadcrumb\",\"itemListElement\":[{\"@type\":\"ListItem\",\"position\":1,\"name\":\"In\u00edcio\",\"item\":\"https:\/\/www.cbm.ro.gov.br\/\"},{\"@type\":\"ListItem\",\"position\":2,\"name\":\"CBMRO INAUGURA TORRE DE SALVAMENTO EM ALTURA\"}]},{\"@type\":\"WebSite\",\"@id\":\"https:\/\/www.cbm.ro.gov.br\/#website\",\"url\":\"https:\/\/www.cbm.ro.gov.br\/\",\"name\":\"Corpo de Bombeiros Militar de Rond\u00f4nia\",\"description\":\"Vidas alheias, riquezas salvar!\",\"publisher\":{\"@id\":\"https:\/\/www.cbm.ro.gov.br\/#organization\"},\"alternateName\":\"cbmro\",\"potentialAction\":[{\"@type\":\"SearchAction\",\"target\":{\"@type\":\"EntryPoint\",\"urlTemplate\":\"https:\/\/www.cbm.ro.gov.br\/?s={search_term_string}\"},\"query-input\":{\"@type\":\"PropertyValueSpecification\",\"valueRequired\":true,\"valueName\":\"search_term_string\"}}],\"inLanguage\":\"pt-BR\"},{\"@type\":\"Organization\",\"@id\":\"https:\/\/www.cbm.ro.gov.br\/#organization\",\"name\":\"Corpo de Bombeiros Militar do Estado de Rond\u00f4nia\",\"alternateName\":\"CBMRO\",\"url\":\"https:\/\/www.cbm.ro.gov.br\/\",\"logo\":{\"@type\":\"ImageObject\",\"inLanguage\":\"pt-BR\",\"@id\":\"https:\/\/www.cbm.ro.gov.br\/#\/schema\/logo\/image\/\",\"url\":\"https:\/\/www.cbm.ro.gov.br\/wp-content\/uploads\/2023\/12\/cropped-cropped-cropped-BRASO_3D_32-1-e1724344443171.png\",\"contentUrl\":\"https:\/\/www.cbm.ro.gov.br\/wp-content\/uploads\/2023\/12\/cropped-cropped-cropped-BRASO_3D_32-1-e1724344443171.png\",\"width\":446,\"height\":441,\"caption\":\"Corpo de Bombeiros Militar do Estado de Rond\u00f4nia\"},\"image\":{\"@id\":\"https:\/\/www.cbm.ro.gov.br\/#\/schema\/logo\/image\/\"},\"sameAs\":[\"https:\/\/www.facebook.com\/cbmro.oficial\/\",\"https:\/\/www.youtube.com\/c\/CorpodeBombeirosMilitardoEstadodeRond\u00f4nia\"]},{\"@type\":\"Person\",\"@id\":\"https:\/\/www.cbm.ro.gov.br\/#\/schema\/person\/8e7b7a65b9962de993d36cb5fca8412f\",\"name\":\"Diovana Castellon\",\"url\":\"https:\/\/www.cbm.ro.gov.br\/?author=3\"}]}<\/script>\n<!-- \/ Yoast SEO plugin. -->","yoast_head_json":{"title":"CBMRO INAUGURA TORRE DE SALVAMENTO EM ALTURA - Corpo de Bombeiros Militar de Rond\u00f4nia","robots":{"index":"index","follow":"follow","max-snippet":"max-snippet:-1","max-image-preview":"max-image-preview:large","max-video-preview":"max-video-preview:-1"},"canonical":"https:\/\/www.cbm.ro.gov.br\/?p=2427","og_locale":"pt_BR","og_type":"article","og_title":"CBMRO INAUGURA TORRE DE SALVAMENTO EM ALTURA - Corpo de Bombeiros Militar de Rond\u00f4nia","og_description":"Em uma cerim\u00f4nia realizada na \u00faltima quinta-feira, 15 de fevereiro de 2024, no Centro de Treinamento Operacional (CTO) o Corpo de Bombeiros Militar de Rond\u00f4nia celebrou a inaugura\u00e7\u00e3o da Torre&hellip;","og_url":"https:\/\/www.cbm.ro.gov.br\/?p=2427","og_site_name":"Corpo de Bombeiros Militar de Rond\u00f4nia","article_publisher":"https:\/\/www.facebook.com\/cbmro.oficial\/","article_published_time":"2024-02-19T17:05:00+00:00","og_image":[{"width":1080,"height":608,"url":"https:\/\/www.cbm.ro.gov.br\/wp-content\/uploads\/2024\/02\/1-INAUGURACAO-TORRE-DE-SALVAMENTO-EM-ALTURA.jpg","type":"image\/jpeg"}],"author":"Diovana Castellon","twitter_card":"summary_large_image","twitter_misc":{"Escrito por":"Diovana Castellon","Est. tempo de leitura":"2 minutos"},"schema":{"@context":"https:\/\/schema.org","@graph":[{"@type":"Article","@id":"https:\/\/www.cbm.ro.gov.br\/?p=2427#article","isPartOf":{"@id":"https:\/\/www.cbm.ro.gov.br\/?p=2427"},"author":{"name":"Diovana Castellon","@id":"https:\/\/www.cbm.ro.gov.br\/#\/schema\/person\/8e7b7a65b9962de993d36cb5fca8412f"},"headline":"CBMRO INAUGURA TORRE DE SALVAMENTO EM ALTURA","datePublished":"2024-02-19T17:05:00+00:00","dateModified":"2024-02-19T17:05:00+00:00","mainEntityOfPage":{"@id":"https:\/\/www.cbm.ro.gov.br\/?p=2427"},"wordCount":458,"publisher":{"@id":"https:\/\/www.cbm.ro.gov.br\/#organization"},"image":{"@id":"https:\/\/www.cbm.ro.gov.br\/?p=2427#primaryimage"},"thumbnailUrl":"https:\/\/www.cbm.ro.gov.br\/wp-content\/uploads\/2024\/02\/1-INAUGURACAO-TORRE-DE-SALVAMENTO-EM-ALTURA.jpg","keywords":["CBMRO","Inaugura\u00e7\u00e3o","Porto Velho","Torre de Salvamento"],"articleSection":["CBMRO"],"inLanguage":"pt-BR"},{"@type":"WebPage","@id":"https:\/\/www.cbm.ro.gov.br\/?p=2427","url":"https:\/\/www.cbm.ro.gov.br\/?p=2427","name":"CBMRO INAUGURA TORRE DE SALVAMENTO EM ALTURA - Corpo de Bombeiros Militar de Rond\u00f4nia","isPartOf":{"@id":"https:\/\/www.cbm.ro.gov.br\/#website"},"primaryImageOfPage":{"@id":"https:\/\/www.cbm.ro.gov.br\/?p=2427#primaryimage"},"image":{"@id":"https:\/\/www.cbm.ro.gov.br\/?p=2427#primaryimage"},"thumbnailUrl":"https:\/\/www.cbm.ro.gov.br\/wp-content\/uploads\/2024\/02\/1-INAUGURACAO-TORRE-DE-SALVAMENTO-EM-ALTURA.jpg","datePublished":"2024-02-19T17:05:00+00:00","dateModified":"2024-02-19T17:05:00+00:00","breadcrumb":{"@id":"https:\/\/www.cbm.ro.gov.br\/?p=2427#breadcrumb"},"inLanguage":"pt-BR","potentialAction":[{"@type":"ReadAction","target":["https:\/\/www.cbm.ro.gov.br\/?p=2427"]}]},{"@type":"ImageObject","inLanguage":"pt-BR","@id":"https:\/\/www.cbm.ro.gov.br\/?p=2427#primaryimage","url":"https:\/\/www.cbm.ro.gov.br\/wp-content\/uploads\/2024\/02\/1-INAUGURACAO-TORRE-DE-SALVAMENTO-EM-ALTURA.jpg","contentUrl":"https:\/\/www.cbm.ro.gov.br\/wp-content\/uploads\/2024\/02\/1-INAUGURACAO-TORRE-DE-SALVAMENTO-EM-ALTURA.jpg","width":1080,"height":608},{"@type":"BreadcrumbList","@id":"https:\/\/www.cbm.ro.gov.br\/?p=2427#breadcrumb","itemListElement":[{"@type":"ListItem","position":1,"name":"In\u00edcio","item":"https:\/\/www.cbm.ro.gov.br\/"},{"@type":"ListItem","position":2,"name":"CBMRO INAUGURA TORRE DE SALVAMENTO EM ALTURA"}]},{"@type":"WebSite","@id":"https:\/\/www.cbm.ro.gov.br\/#website","url":"https:\/\/www.cbm.ro.gov.br\/","name":"Corpo de Bombeiros Militar de Rond\u00f4nia","description":"Vidas alheias, riquezas salvar!","publisher":{"@id":"https:\/\/www.cbm.ro.gov.br\/#organization"},"alternateName":"cbmro","potentialAction":[{"@type":"SearchAction","target":{"@type":"EntryPoint","urlTemplate":"https:\/\/www.cbm.ro.gov.br\/?s={search_term_string}"},"query-input":{"@type":"PropertyValueSpecification","valueRequired":true,"valueName":"search_term_string"}}],"inLanguage":"pt-BR"},{"@type":"Organization","@id":"https:\/\/www.cbm.ro.gov.br\/#organization","name":"Corpo de Bombeiros Militar do Estado de Rond\u00f4nia","alternateName":"CBMRO","url":"https:\/\/www.cbm.ro.gov.br\/","logo":{"@type":"ImageObject","inLanguage":"pt-BR","@id":"https:\/\/www.cbm.ro.gov.br\/#\/schema\/logo\/image\/","url":"https:\/\/www.cbm.ro.gov.br\/wp-content\/uploads\/2023\/12\/cropped-cropped-cropped-BRASO_3D_32-1-e1724344443171.png","contentUrl":"https:\/\/www.cbm.ro.gov.br\/wp-content\/uploads\/2023\/12\/cropped-cropped-cropped-BRASO_3D_32-1-e1724344443171.png","width":446,"height":441,"caption":"Corpo de Bombeiros Militar do Estado de Rond\u00f4nia"},"image":{"@id":"https:\/\/www.cbm.ro.gov.br\/#\/schema\/logo\/image\/"},"sameAs":["https:\/\/www.facebook.com\/cbmro.oficial\/","https:\/\/www.youtube.com\/c\/CorpodeBombeirosMilitardoEstadodeRond\u00f4nia"]},{"@type":"Person","@id":"https:\/\/www.cbm.ro.gov.br\/#\/schema\/person\/8e7b7a65b9962de993d36cb5fca8412f","name":"Diovana Castellon","url":"https:\/\/www.cbm.ro.gov.br\/?author=3"}]}},"wpmagazine_modules_lite_featured_media_urls":{"thumbnail":["https:\/\/www.cbm.ro.gov.br\/wp-content\/uploads\/2024\/02\/1-INAUGURACAO-TORRE-DE-SALVAMENTO-EM-ALTURA-150x150.jpg",150,150,true],"cvmm-medium":["https:\/\/www.cbm.ro.gov.br\/wp-content\/uploads\/2024\/02\/1-INAUGURACAO-TORRE-DE-SALVAMENTO-EM-ALTURA-300x300.jpg",300,300,true],"cvmm-medium-plus":["https:\/\/www.cbm.ro.gov.br\/wp-content\/uploads\/2024\/02\/1-INAUGURACAO-TORRE-DE-SALVAMENTO-EM-ALTURA-305x207.jpg",305,207,true],"cvmm-portrait":["https:\/\/www.cbm.ro.gov.br\/wp-content\/uploads\/2024\/02\/1-INAUGURACAO-TORRE-DE-SALVAMENTO-EM-ALTURA-400x600.jpg",400,600,true],"cvmm-medium-square":["https:\/\/www.cbm.ro.gov.br\/wp-content\/uploads\/2024\/02\/1-INAUGURACAO-TORRE-DE-SALVAMENTO-EM-ALTURA-600x600.jpg",600,600,true],"cvmm-large":["https:\/\/www.cbm.ro.gov.br\/wp-content\/uploads\/2024\/02\/1-INAUGURACAO-TORRE-DE-SALVAMENTO-EM-ALTURA-1024x608.jpg",1024,608,true],"cvmm-small":["https:\/\/www.cbm.ro.gov.br\/wp-content\/uploads\/2024\/02\/1-INAUGURACAO-TORRE-DE-SALVAMENTO-EM-ALTURA-130x95.jpg",130,95,true],"full":["https:\/\/www.cbm.ro.gov.br\/wp-content\/uploads\/2024\/02\/1-INAUGURACAO-TORRE-DE-SALVAMENTO-EM-ALTURA.jpg",1080,608,false]},"categories_names":{"1":{"name":"CBMRO","link":"https:\/\/www.cbm.ro.gov.br\/?cat=1"}},"tags_names":{"13":{"name":"CBMRO","link":"https:\/\/www.cbm.ro.gov.br\/?tag=cbmro"},"45":{"name":"Inaugura\u00e7\u00e3o","link":"https:\/\/www.cbm.ro.gov.br\/?tag=inauguracao"},"34":{"name":"Porto Velho","link":"https:\/\/www.cbm.ro.gov.br\/?tag=porto-velho"},"46":{"name":"Torre de Salvamento","link":"https:\/\/www.cbm.ro.gov.br\/?tag=torre-de-salvamento"}},"comments_number":"0","_links":{"self":[{"href":"https:\/\/www.cbm.ro.gov.br\/index.php?rest_route=\/wp\/v2\/posts\/2427","targetHints":{"allow":["GET"]}}],"collection":[{"href":"https:\/\/www.cbm.ro.gov.br\/index.php?rest_route=\/wp\/v2\/posts"}],"about":[{"href":"https:\/\/www.cbm.ro.gov.br\/index.php?rest_route=\/wp\/v2\/types\/post"}],"author":[{"embeddable":true,"href":"https:\/\/www.cbm.ro.gov.br\/index.php?rest_route=\/wp\/v2\/users\/3"}],"replies":[{"embeddable":true,"href":"https:\/\/www.cbm.ro.gov.br\/index.php?rest_route=%2Fwp%2Fv2%2Fcomments&post=2427"}],"version-history":[{"count":1,"href":"https:\/\/www.cbm.ro.gov.br\/index.php?rest_route=\/wp\/v2\/posts\/2427\/revisions"}],"predecessor-version":[{"id":2435,"href":"https:\/\/www.cbm.ro.gov.br\/index.php?rest_route=\/wp\/v2\/posts\/2427\/revisions\/2435"}],"wp:featuredmedia":[{"embeddable":true,"href":"https:\/\/www.cbm.ro.gov.br\/index.php?rest_route=\/wp\/v2\/media\/2434"}],"wp:attachment":[{"href":"https:\/\/www.cbm.ro.gov.br\/index.php?rest_route=%2Fwp%2Fv2%2Fmedia&parent=2427"}],"wp:term":[{"taxonomy":"category","embeddable":true,"href":"https:\/\/www.cbm.ro.gov.br\/index.php?rest_route=%2Fwp%2Fv2%2Fcategories&post=2427"},{"taxonomy":"post_tag","embeddable":true,"href":"https:\/\/www.cbm.ro.gov.br\/index.php?rest_route=%2Fwp%2Fv2%2Ftags&post=2427"}],"curies":[{"name":"wp","href":"https:\/\/api.w.org\/{rel}","templated":true}]}}