{"id":2360,"date":"2024-02-06T10:45:27","date_gmt":"2024-02-06T14:45:27","guid":{"rendered":"http:\/\/10.210.0.90\/?p=2360"},"modified":"2024-02-06T11:36:01","modified_gmt":"2024-02-06T15:36:01","slug":"cmdpii-1-2-chamada-para-matriculas-dos-candidatos-cadastro-reserva","status":"publish","type":"post","link":"https:\/\/www.cbm.ro.gov.br\/?p=2360","title":{"rendered":"CMDPII-1 &#8211; 2\u00b0 CHAMADA PARA MATR\u00cdCULAS DOS CANDIDATOS CADASTRO RESERVA"},"content":{"rendered":"\n<p>O DIRETOR-GERAL DO COL\u00c9GIO MILITAR DOM PEDRO II &#8211; Unidade I \u2013 Porto Velho-RO, no uso de suas atribui\u00e7\u00f5es legais, exara o <strong>Edital\u00a003\/2023\/CBM-CDPII1<\/strong>\u00a0que regula a inscri\u00e7\u00e3o, sele\u00e7\u00e3o e matr\u00edcula, para preenchimento das vagas do Ensinos Fundamental II e Ensino M\u00e9dio, apenas do Col\u00e9gio Militar Dom Pedro II &#8211; unidade 1, para o ano letivo de 2024. Vem atrav\u00e9s deste, PUBLICAR A RELA\u00c7\u00c3O E CONVOCA\u00c7\u00c3O DOS CANDIATOS ABAIXO PARA REALIZAR AS MATR\u00cdCULAS NO PER\u00cdODO DE\u00a006, 07 e 08 de fevereiro de 2024.<\/p>\n\n\n\n<div data-wp-interactive=\"core\/file\" class=\"wp-block-file\"><object data-wp-bind--hidden=\"!state.hasPdfPreview\" hidden class=\"wp-block-file__embed\" data=\"http:\/\/10.210.0.90\/wp-content\/uploads\/2024\/02\/Edital-032023CBM-CDPII1.pdf\" type=\"application\/pdf\" style=\"width:100%;height:600px\" aria-label=\"Incorporado de Edital-032023CBM-CDPII1.\"><\/object><a id=\"wp-block-file--media-a9a87667-ce32-4c3e-90ce-2537a03189a2\" href=\"http:\/\/10.210.0.90\/wp-content\/uploads\/2024\/02\/Edital-032023CBM-CDPII1.pdf\">Edital-032023CBM-CDPII1<\/a><a href=\"http:\/\/10.210.0.90\/wp-content\/uploads\/2024\/02\/Edital-032023CBM-CDPII1.pdf\" class=\"wp-block-file__button wp-element-button\" download aria-describedby=\"wp-block-file--media-a9a87667-ce32-4c3e-90ce-2537a03189a2\">Baixar<\/a><\/div>\n","protected":false},"excerpt":{"rendered":"<p>O DIRETOR-GERAL DO COL\u00c9GIO MILITAR DOM PEDRO II &#8211; Unidade I \u2013 Porto Velho-RO, no uso de suas atribui\u00e7\u00f5es legais, exara o Edital\u00a003\/2023\/CBM-CDPII1\u00a0que regula a inscri\u00e7\u00e3o, sele\u00e7\u00e3o e matr\u00edcula, para&hellip;<\/p>\n","protected":false},"author":5,"featured_media":2372,"comment_status":"closed","ping_status":"open","sticky":false,"template":"","format":"standard","meta":{"footnotes":""},"categories":[1],"tags":[35,36,37,34],"class_list":["post-2360","post","type-post","status-publish","format-standard","has-post-thumbnail","hentry","category-cbmro","tag-cmdpii","tag-dom-pedro-ii","tag-edital","tag-porto-velho"],"yoast_head":"<!-- This site is optimized with the Yoast SEO plugin v23.7 - https:\/\/yoast.com\/wordpress\/plugins\/seo\/ -->\n<title>CMDPII-1 - 2\u00b0 CHAMADA PARA MATR\u00cdCULAS DOS CANDIDATOS CADASTRO RESERVA - Corpo de Bombeiros Militar de Rond\u00f4nia<\/title>\n<meta name=\"robots\" content=\"index, follow, max-snippet:-1, max-image-preview:large, max-video-preview:-1\" \/>\n<link rel=\"canonical\" href=\"https:\/\/www.cbm.ro.gov.br\/?p=2360\" \/>\n<meta property=\"og:locale\" content=\"pt_BR\" \/>\n<meta property=\"og:type\" content=\"article\" \/>\n<meta property=\"og:title\" content=\"CMDPII-1 - 2\u00b0 CHAMADA PARA MATR\u00cdCULAS DOS CANDIDATOS CADASTRO RESERVA - Corpo de Bombeiros Militar de Rond\u00f4nia\" \/>\n<meta property=\"og:description\" content=\"O DIRETOR-GERAL DO COL\u00c9GIO MILITAR DOM PEDRO II &#8211; Unidade I \u2013 Porto Velho-RO, no uso de suas atribui\u00e7\u00f5es legais, exara o Edital\u00a003\/2023\/CBM-CDPII1\u00a0que regula a inscri\u00e7\u00e3o, sele\u00e7\u00e3o e matr\u00edcula, para&hellip;\" \/>\n<meta property=\"og:url\" content=\"https:\/\/www.cbm.ro.gov.br\/?p=2360\" \/>\n<meta property=\"og:site_name\" content=\"Corpo de Bombeiros Militar de Rond\u00f4nia\" \/>\n<meta property=\"article:publisher\" content=\"https:\/\/www.facebook.com\/cbmro.oficial\/\" \/>\n<meta property=\"article:published_time\" content=\"2024-02-06T14:45:27+00:00\" \/>\n<meta property=\"article:modified_time\" content=\"2024-02-06T15:36:01+00:00\" \/>\n<meta property=\"og:image\" content=\"https:\/\/www.cbm.ro.gov.br\/wp-content\/uploads\/2024\/02\/cmdpii-1.jpg\" \/>\n\t<meta property=\"og:image:width\" content=\"2560\" \/>\n\t<meta property=\"og:image:height\" content=\"1439\" \/>\n\t<meta property=\"og:image:type\" content=\"image\/jpeg\" \/>\n<meta name=\"author\" content=\"Marcos Barros\" \/>\n<meta name=\"twitter:card\" content=\"summary_large_image\" \/>\n<meta name=\"twitter:label1\" content=\"Escrito por\" \/>\n\t<meta name=\"twitter:data1\" content=\"Marcos Barros\" \/>\n<script type=\"application\/ld+json\" class=\"yoast-schema-graph\">{\"@context\":\"https:\/\/schema.org\",\"@graph\":[{\"@type\":\"Article\",\"@id\":\"https:\/\/www.cbm.ro.gov.br\/?p=2360#article\",\"isPartOf\":{\"@id\":\"https:\/\/www.cbm.ro.gov.br\/?p=2360\"},\"author\":{\"name\":\"Marcos Barros\",\"@id\":\"https:\/\/www.cbm.ro.gov.br\/#\/schema\/person\/b035b7e269aef4233e9514c2751917c5\"},\"headline\":\"CMDPII-1 &#8211; 2\u00b0 CHAMADA PARA MATR\u00cdCULAS DOS CANDIDATOS CADASTRO RESERVA\",\"datePublished\":\"2024-02-06T14:45:27+00:00\",\"dateModified\":\"2024-02-06T15:36:01+00:00\",\"mainEntityOfPage\":{\"@id\":\"https:\/\/www.cbm.ro.gov.br\/?p=2360\"},\"wordCount\":102,\"publisher\":{\"@id\":\"https:\/\/www.cbm.ro.gov.br\/#organization\"},\"image\":{\"@id\":\"https:\/\/www.cbm.ro.gov.br\/?p=2360#primaryimage\"},\"thumbnailUrl\":\"https:\/\/www.cbm.ro.gov.br\/wp-content\/uploads\/2024\/02\/cmdpii-1.jpg\",\"keywords\":[\"CMDPII\",\"Dom Pedro II\",\"Edital\",\"Porto Velho\"],\"articleSection\":[\"CBMRO\"],\"inLanguage\":\"pt-BR\"},{\"@type\":\"WebPage\",\"@id\":\"https:\/\/www.cbm.ro.gov.br\/?p=2360\",\"url\":\"https:\/\/www.cbm.ro.gov.br\/?p=2360\",\"name\":\"CMDPII-1 - 2\u00b0 CHAMADA PARA MATR\u00cdCULAS DOS CANDIDATOS CADASTRO RESERVA - Corpo de Bombeiros Militar de Rond\u00f4nia\",\"isPartOf\":{\"@id\":\"https:\/\/www.cbm.ro.gov.br\/#website\"},\"primaryImageOfPage\":{\"@id\":\"https:\/\/www.cbm.ro.gov.br\/?p=2360#primaryimage\"},\"image\":{\"@id\":\"https:\/\/www.cbm.ro.gov.br\/?p=2360#primaryimage\"},\"thumbnailUrl\":\"https:\/\/www.cbm.ro.gov.br\/wp-content\/uploads\/2024\/02\/cmdpii-1.jpg\",\"datePublished\":\"2024-02-06T14:45:27+00:00\",\"dateModified\":\"2024-02-06T15:36:01+00:00\",\"breadcrumb\":{\"@id\":\"https:\/\/www.cbm.ro.gov.br\/?p=2360#breadcrumb\"},\"inLanguage\":\"pt-BR\",\"potentialAction\":[{\"@type\":\"ReadAction\",\"target\":[\"https:\/\/www.cbm.ro.gov.br\/?p=2360\"]}]},{\"@type\":\"ImageObject\",\"inLanguage\":\"pt-BR\",\"@id\":\"https:\/\/www.cbm.ro.gov.br\/?p=2360#primaryimage\",\"url\":\"https:\/\/www.cbm.ro.gov.br\/wp-content\/uploads\/2024\/02\/cmdpii-1.jpg\",\"contentUrl\":\"https:\/\/www.cbm.ro.gov.br\/wp-content\/uploads\/2024\/02\/cmdpii-1.jpg\",\"width\":2560,\"height\":1439},{\"@type\":\"BreadcrumbList\",\"@id\":\"https:\/\/www.cbm.ro.gov.br\/?p=2360#breadcrumb\",\"itemListElement\":[{\"@type\":\"ListItem\",\"position\":1,\"name\":\"In\u00edcio\",\"item\":\"https:\/\/www.cbm.ro.gov.br\/\"},{\"@type\":\"ListItem\",\"position\":2,\"name\":\"CMDPII-1 &#8211; 2\u00b0 CHAMADA PARA MATR\u00cdCULAS DOS CANDIDATOS CADASTRO RESERVA\"}]},{\"@type\":\"WebSite\",\"@id\":\"https:\/\/www.cbm.ro.gov.br\/#website\",\"url\":\"https:\/\/www.cbm.ro.gov.br\/\",\"name\":\"Corpo de Bombeiros Militar de Rond\u00f4nia\",\"description\":\"Vidas alheias, riquezas salvar!\",\"publisher\":{\"@id\":\"https:\/\/www.cbm.ro.gov.br\/#organization\"},\"alternateName\":\"cbmro\",\"potentialAction\":[{\"@type\":\"SearchAction\",\"target\":{\"@type\":\"EntryPoint\",\"urlTemplate\":\"https:\/\/www.cbm.ro.gov.br\/?s={search_term_string}\"},\"query-input\":{\"@type\":\"PropertyValueSpecification\",\"valueRequired\":true,\"valueName\":\"search_term_string\"}}],\"inLanguage\":\"pt-BR\"},{\"@type\":\"Organization\",\"@id\":\"https:\/\/www.cbm.ro.gov.br\/#organization\",\"name\":\"Corpo de Bombeiros Militar do Estado de Rond\u00f4nia\",\"alternateName\":\"CBMRO\",\"url\":\"https:\/\/www.cbm.ro.gov.br\/\",\"logo\":{\"@type\":\"ImageObject\",\"inLanguage\":\"pt-BR\",\"@id\":\"https:\/\/www.cbm.ro.gov.br\/#\/schema\/logo\/image\/\",\"url\":\"https:\/\/www.cbm.ro.gov.br\/wp-content\/uploads\/2023\/12\/cropped-cropped-cropped-BRASO_3D_32-1-e1724344443171.png\",\"contentUrl\":\"https:\/\/www.cbm.ro.gov.br\/wp-content\/uploads\/2023\/12\/cropped-cropped-cropped-BRASO_3D_32-1-e1724344443171.png\",\"width\":446,\"height\":441,\"caption\":\"Corpo de Bombeiros Militar do Estado de Rond\u00f4nia\"},\"image\":{\"@id\":\"https:\/\/www.cbm.ro.gov.br\/#\/schema\/logo\/image\/\"},\"sameAs\":[\"https:\/\/www.facebook.com\/cbmro.oficial\/\",\"https:\/\/www.youtube.com\/c\/CorpodeBombeirosMilitardoEstadodeRond\u00f4nia\"]},{\"@type\":\"Person\",\"@id\":\"https:\/\/www.cbm.ro.gov.br\/#\/schema\/person\/b035b7e269aef4233e9514c2751917c5\",\"name\":\"Marcos Barros\",\"sameAs\":[\"http:\/\/10.210.0.90\/wp-admin\/post.php?post=2688&amp;action=edit\"],\"url\":\"https:\/\/www.cbm.ro.gov.br\/?author=5\"}]}<\/script>\n<!-- \/ Yoast SEO plugin. -->","yoast_head_json":{"title":"CMDPII-1 - 2\u00b0 CHAMADA PARA MATR\u00cdCULAS DOS CANDIDATOS CADASTRO RESERVA - Corpo de Bombeiros Militar de Rond\u00f4nia","robots":{"index":"index","follow":"follow","max-snippet":"max-snippet:-1","max-image-preview":"max-image-preview:large","max-video-preview":"max-video-preview:-1"},"canonical":"https:\/\/www.cbm.ro.gov.br\/?p=2360","og_locale":"pt_BR","og_type":"article","og_title":"CMDPII-1 - 2\u00b0 CHAMADA PARA MATR\u00cdCULAS DOS CANDIDATOS CADASTRO RESERVA - Corpo de Bombeiros Militar de Rond\u00f4nia","og_description":"O DIRETOR-GERAL DO COL\u00c9GIO MILITAR DOM PEDRO II &#8211; Unidade I \u2013 Porto Velho-RO, no uso de suas atribui\u00e7\u00f5es legais, exara o Edital\u00a003\/2023\/CBM-CDPII1\u00a0que regula a inscri\u00e7\u00e3o, sele\u00e7\u00e3o e matr\u00edcula, para&hellip;","og_url":"https:\/\/www.cbm.ro.gov.br\/?p=2360","og_site_name":"Corpo de Bombeiros Militar de Rond\u00f4nia","article_publisher":"https:\/\/www.facebook.com\/cbmro.oficial\/","article_published_time":"2024-02-06T14:45:27+00:00","article_modified_time":"2024-02-06T15:36:01+00:00","og_image":[{"width":2560,"height":1439,"url":"https:\/\/www.cbm.ro.gov.br\/wp-content\/uploads\/2024\/02\/cmdpii-1.jpg","type":"image\/jpeg"}],"author":"Marcos Barros","twitter_card":"summary_large_image","twitter_misc":{"Escrito por":"Marcos Barros"},"schema":{"@context":"https:\/\/schema.org","@graph":[{"@type":"Article","@id":"https:\/\/www.cbm.ro.gov.br\/?p=2360#article","isPartOf":{"@id":"https:\/\/www.cbm.ro.gov.br\/?p=2360"},"author":{"name":"Marcos Barros","@id":"https:\/\/www.cbm.ro.gov.br\/#\/schema\/person\/b035b7e269aef4233e9514c2751917c5"},"headline":"CMDPII-1 &#8211; 2\u00b0 CHAMADA PARA MATR\u00cdCULAS DOS CANDIDATOS CADASTRO RESERVA","datePublished":"2024-02-06T14:45:27+00:00","dateModified":"2024-02-06T15:36:01+00:00","mainEntityOfPage":{"@id":"https:\/\/www.cbm.ro.gov.br\/?p=2360"},"wordCount":102,"publisher":{"@id":"https:\/\/www.cbm.ro.gov.br\/#organization"},"image":{"@id":"https:\/\/www.cbm.ro.gov.br\/?p=2360#primaryimage"},"thumbnailUrl":"https:\/\/www.cbm.ro.gov.br\/wp-content\/uploads\/2024\/02\/cmdpii-1.jpg","keywords":["CMDPII","Dom Pedro II","Edital","Porto Velho"],"articleSection":["CBMRO"],"inLanguage":"pt-BR"},{"@type":"WebPage","@id":"https:\/\/www.cbm.ro.gov.br\/?p=2360","url":"https:\/\/www.cbm.ro.gov.br\/?p=2360","name":"CMDPII-1 - 2\u00b0 CHAMADA PARA MATR\u00cdCULAS DOS CANDIDATOS CADASTRO RESERVA - Corpo de Bombeiros Militar de Rond\u00f4nia","isPartOf":{"@id":"https:\/\/www.cbm.ro.gov.br\/#website"},"primaryImageOfPage":{"@id":"https:\/\/www.cbm.ro.gov.br\/?p=2360#primaryimage"},"image":{"@id":"https:\/\/www.cbm.ro.gov.br\/?p=2360#primaryimage"},"thumbnailUrl":"https:\/\/www.cbm.ro.gov.br\/wp-content\/uploads\/2024\/02\/cmdpii-1.jpg","datePublished":"2024-02-06T14:45:27+00:00","dateModified":"2024-02-06T15:36:01+00:00","breadcrumb":{"@id":"https:\/\/www.cbm.ro.gov.br\/?p=2360#breadcrumb"},"inLanguage":"pt-BR","potentialAction":[{"@type":"ReadAction","target":["https:\/\/www.cbm.ro.gov.br\/?p=2360"]}]},{"@type":"ImageObject","inLanguage":"pt-BR","@id":"https:\/\/www.cbm.ro.gov.br\/?p=2360#primaryimage","url":"https:\/\/www.cbm.ro.gov.br\/wp-content\/uploads\/2024\/02\/cmdpii-1.jpg","contentUrl":"https:\/\/www.cbm.ro.gov.br\/wp-content\/uploads\/2024\/02\/cmdpii-1.jpg","width":2560,"height":1439},{"@type":"BreadcrumbList","@id":"https:\/\/www.cbm.ro.gov.br\/?p=2360#breadcrumb","itemListElement":[{"@type":"ListItem","position":1,"name":"In\u00edcio","item":"https:\/\/www.cbm.ro.gov.br\/"},{"@type":"ListItem","position":2,"name":"CMDPII-1 &#8211; 2\u00b0 CHAMADA PARA MATR\u00cdCULAS DOS CANDIDATOS CADASTRO RESERVA"}]},{"@type":"WebSite","@id":"https:\/\/www.cbm.ro.gov.br\/#website","url":"https:\/\/www.cbm.ro.gov.br\/","name":"Corpo de Bombeiros Militar de Rond\u00f4nia","description":"Vidas alheias, riquezas salvar!","publisher":{"@id":"https:\/\/www.cbm.ro.gov.br\/#organization"},"alternateName":"cbmro","potentialAction":[{"@type":"SearchAction","target":{"@type":"EntryPoint","urlTemplate":"https:\/\/www.cbm.ro.gov.br\/?s={search_term_string}"},"query-input":{"@type":"PropertyValueSpecification","valueRequired":true,"valueName":"search_term_string"}}],"inLanguage":"pt-BR"},{"@type":"Organization","@id":"https:\/\/www.cbm.ro.gov.br\/#organization","name":"Corpo de Bombeiros Militar do Estado de Rond\u00f4nia","alternateName":"CBMRO","url":"https:\/\/www.cbm.ro.gov.br\/","logo":{"@type":"ImageObject","inLanguage":"pt-BR","@id":"https:\/\/www.cbm.ro.gov.br\/#\/schema\/logo\/image\/","url":"https:\/\/www.cbm.ro.gov.br\/wp-content\/uploads\/2023\/12\/cropped-cropped-cropped-BRASO_3D_32-1-e1724344443171.png","contentUrl":"https:\/\/www.cbm.ro.gov.br\/wp-content\/uploads\/2023\/12\/cropped-cropped-cropped-BRASO_3D_32-1-e1724344443171.png","width":446,"height":441,"caption":"Corpo de Bombeiros Militar do Estado de Rond\u00f4nia"},"image":{"@id":"https:\/\/www.cbm.ro.gov.br\/#\/schema\/logo\/image\/"},"sameAs":["https:\/\/www.facebook.com\/cbmro.oficial\/","https:\/\/www.youtube.com\/c\/CorpodeBombeirosMilitardoEstadodeRond\u00f4nia"]},{"@type":"Person","@id":"https:\/\/www.cbm.ro.gov.br\/#\/schema\/person\/b035b7e269aef4233e9514c2751917c5","name":"Marcos Barros","sameAs":["http:\/\/10.210.0.90\/wp-admin\/post.php?post=2688&amp;action=edit"],"url":"https:\/\/www.cbm.ro.gov.br\/?author=5"}]}},"wpmagazine_modules_lite_featured_media_urls":{"thumbnail":["https:\/\/www.cbm.ro.gov.br\/wp-content\/uploads\/2024\/02\/cmdpii-1-150x150.jpg",150,150,true],"cvmm-medium":["https:\/\/www.cbm.ro.gov.br\/wp-content\/uploads\/2024\/02\/cmdpii-1-300x300.jpg",300,300,true],"cvmm-medium-plus":["https:\/\/www.cbm.ro.gov.br\/wp-content\/uploads\/2024\/02\/cmdpii-1-305x207.jpg",305,207,true],"cvmm-portrait":["https:\/\/www.cbm.ro.gov.br\/wp-content\/uploads\/2024\/02\/cmdpii-1-400x600.jpg",400,600,true],"cvmm-medium-square":["https:\/\/www.cbm.ro.gov.br\/wp-content\/uploads\/2024\/02\/cmdpii-1-600x600.jpg",600,600,true],"cvmm-large":["https:\/\/www.cbm.ro.gov.br\/wp-content\/uploads\/2024\/02\/cmdpii-1-1024x1024.jpg",1024,1024,true],"cvmm-small":["https:\/\/www.cbm.ro.gov.br\/wp-content\/uploads\/2024\/02\/cmdpii-1-130x95.jpg",130,95,true],"full":["https:\/\/www.cbm.ro.gov.br\/wp-content\/uploads\/2024\/02\/cmdpii-1.jpg",2560,1439,false]},"categories_names":{"1":{"name":"CBMRO","link":"https:\/\/www.cbm.ro.gov.br\/?cat=1"}},"tags_names":{"35":{"name":"CMDPII","link":"https:\/\/www.cbm.ro.gov.br\/?tag=cmdpii"},"36":{"name":"Dom Pedro II","link":"https:\/\/www.cbm.ro.gov.br\/?tag=dom-pedro-ii"},"37":{"name":"Edital","link":"https:\/\/www.cbm.ro.gov.br\/?tag=edital"},"34":{"name":"Porto Velho","link":"https:\/\/www.cbm.ro.gov.br\/?tag=porto-velho"}},"comments_number":"0","_links":{"self":[{"href":"https:\/\/www.cbm.ro.gov.br\/index.php?rest_route=\/wp\/v2\/posts\/2360","targetHints":{"allow":["GET"]}}],"collection":[{"href":"https:\/\/www.cbm.ro.gov.br\/index.php?rest_route=\/wp\/v2\/posts"}],"about":[{"href":"https:\/\/www.cbm.ro.gov.br\/index.php?rest_route=\/wp\/v2\/types\/post"}],"author":[{"embeddable":true,"href":"https:\/\/www.cbm.ro.gov.br\/index.php?rest_route=\/wp\/v2\/users\/5"}],"replies":[{"embeddable":true,"href":"https:\/\/www.cbm.ro.gov.br\/index.php?rest_route=%2Fwp%2Fv2%2Fcomments&post=2360"}],"version-history":[{"count":7,"href":"https:\/\/www.cbm.ro.gov.br\/index.php?rest_route=\/wp\/v2\/posts\/2360\/revisions"}],"predecessor-version":[{"id":2374,"href":"https:\/\/www.cbm.ro.gov.br\/index.php?rest_route=\/wp\/v2\/posts\/2360\/revisions\/2374"}],"wp:featuredmedia":[{"embeddable":true,"href":"https:\/\/www.cbm.ro.gov.br\/index.php?rest_route=\/wp\/v2\/media\/2372"}],"wp:attachment":[{"href":"https:\/\/www.cbm.ro.gov.br\/index.php?rest_route=%2Fwp%2Fv2%2Fmedia&parent=2360"}],"wp:term":[{"taxonomy":"category","embeddable":true,"href":"https:\/\/www.cbm.ro.gov.br\/index.php?rest_route=%2Fwp%2Fv2%2Fcategories&post=2360"},{"taxonomy":"post_tag","embeddable":true,"href":"https:\/\/www.cbm.ro.gov.br\/index.php?rest_route=%2Fwp%2Fv2%2Ftags&post=2360"}],"curies":[{"name":"wp","href":"https:\/\/api.w.org\/{rel}","templated":true}]}}